{"id":1131,"date":"2022-03-01T13:19:00","date_gmt":"2022-03-01T13:19:00","guid":{"rendered":"https:\/\/teszt.drlbeauty.com\/hu\/?p=1131"},"modified":"2023-08-03T11:30:30","modified_gmt":"2023-08-03T11:30:30","slug":"a-tubularis-mellrol","status":"publish","type":"post","link":"https:\/\/drlbeauty.com\/hu\/a-tubularis-mellrol\/","title":{"rendered":"A tubularis mellr\u0151l"},"content":{"rendered":"\n<p><\/p>\n\n\n\n<h2 class=\"wp-block-heading\">Tubularis mell<\/h2>\n\n\n\n<h3 class=\"wp-block-heading\">J\u00f3l tudjuk, hogy minden kornak megvan a maga sz\u00e9ps\u00e9gide\u00e1lja, \u00e9s ez sajnos nem k\u00edm\u00e9li azokat, akik \u00f6nhib\u00e1jukon k\u00edv\u00fcl nem felelnek meg a magasztalt eszt\u00e9tikai \u00e9rt\u00e9keknek. Ugyanakkor a t\u00e1rsadalom nyom\u00e1sa, amely arra \u00f6szt\u00f6nzi a n\u0151ket, hogy legal\u00e1bb k\u00f6zel\u00edtsenek ehhez az ide\u00e1lhoz, minden id\u0151szakban nagy volt, de tal\u00e1n napjainkban minden eddigit fel\u00fclm\u00fal.<\/h3>\n\n\n\n<div style=\"height:23px\" aria-hidden=\"true\" class=\"wp-block-spacer\"><\/div>\n\n\n\n<p><strong>A tubul\u00e1ris, vagy cs\u0151mell<\/strong>&nbsp;a tudom\u00e1ny mai \u00e1ll\u00e1sa szerint a m\u00e9hen bel\u00fcli fejl\u0151d\u00e9s sor\u00e1n a szikzacsk\u00f3 becs\u00edp\u0151d\u00e9s\u00e9nek k\u00f6vetkezt\u00e9ben alakul ki. Olyan sz\u00e9ls\u0151s\u00e9gesen elt\u00e9r minden eszt\u00e9tikai norm\u00e1t\u00f3l, s\u0151t ak\u00e1r elfogadhat\u00f3 k\u00fclalakt\u00f3l is, hogy akinek ezzel kell egy\u00fctt \u00e9lnie,&nbsp;<strong>gyakran igen komoly lelki \u00e9s \u00f6nbizalmi v\u00e1ls\u00e1gba ker\u00fcl miatta, p\u00e1rkapcsolatai sikertelenn\u00e9 v\u00e1lnak<\/strong>. A sz\u00e9ps\u00e9gbeli hi\u00e1nyoss\u00e1gok mellett eg\u00e9szs\u00e9g\u00fcgyi kellemetlens\u00e9gek forr\u00e1sa is lehet.<\/p>\n\n\n\n<div style=\"height:22px\" aria-hidden=\"true\" class=\"wp-block-spacer\"><\/div>\n\n\n\n<h3 class=\"wp-block-heading\">Mi az a tubularis mell (cs\u0151mell)?<\/h3>\n\n\n\n<p>A sz\u0171k alapter\u00fclet\u0171, mindenhol azonos \u00e1tm\u00e9r\u0151j\u0171, elny\u00fal\u00f3 (cs\u0151) form\u00e1j\u00fa, gyakran nagy bimb\u00f3udvarral \u00e9s kiemelked\u0151 mellbimb\u00f3kkal rendelkez\u0151 melleket nevezz\u00fck \u00edgy. A tubul\u00e1ris mellek \u00e1ltal\u00e1ban t\u00e1vol \u00fclnek egym\u00e1st\u00f3l, mellsz\u00f6vet\u00fck kev\u00e9s, alakjuk l\u00f3g\u00f3, hiszen a cs\u0151 forma messze elny\u00falik a testt\u0151l. Gyakori a k\u00e9t mell k\u00f6z\u00f6tti aszimmetria, ami a mell \u00f6sszes param\u00e9ter\u00e9t \u00e9rinti: vastags\u00e1g, hossz\u00fas\u00e1g, bimb\u00f3- \u00e9s bimb\u00f3udvar m\u00e9rete, a bimb\u00f3k kiemelked\u00e9se.<br>Tagadhatatlan, hogy ezek semmilyen szinten nem felelnek meg a korunkban jellemz\u0151 sz\u00e9ps\u00e9gide\u00e1lnak (alma mell \u2013 nagy kerek alapter\u00fcleten egym\u00e1shoz ar\u00e1nylag k\u00f6zel \u00fcl\u0151 g\u00f6mb\u00f6lyded forma), de nem csak ez a h\u00e1tr\u00e1nyuk.<\/p>\n\n\n\n<p>A rendk\u00edv\u00fcl kis alap\u00fa mellforma az als\u00f3 r\u00e9szen \u00f6sszepr\u00e9seli a mirigysz\u00f6veteket, ami rossz kering\u00e9shez, sorvad\u00e1shoz is vezethet, a f\u00f6ls\u0151 r\u00e9szen torl\u00f3d\u00f3 sz\u00f6vetek a \u201ecs\u0151\u201d v\u00e9g\u00e9n kiemelked\u00e9sre k\u00e9sztetik a mellbimb\u00f3t. Ez gyakran szoptat\u00e1si neh\u00e9zs\u00e9geket okoz.&nbsp;<strong>A mell m\u00e9rete, alakja \u00e9s aszimmetri\u00e1ja gyakran \u00f6n\u00e9rt\u00e9kel\u00e9si zavarok forr\u00e1s\u00e1v\u00e1 v\u00e1lik.<\/strong><\/p>\n\n\n\n<div style=\"height:30px\" aria-hidden=\"true\" class=\"wp-block-spacer\"><\/div>\n\n\n\n<div class=\"wp-block-columns is-layout-flex wp-container-core-columns-is-layout-9d6595d7 wp-block-columns-is-layout-flex\">\n<div class=\"wp-block-column is-layout-flow wp-block-column-is-layout-flow\">\n<figure class=\"wp-block-image size-full\"><img loading=\"lazy\" decoding=\"async\" width=\"665\" height=\"375\" src=\"https:\/\/drlbeauty.com\/hu\/wp-content\/uploads\/2022\/03\/drlbeauty_elotte_utana_mellnagyobbitas_tubularis1.jpg\" alt=\"\" class=\"wp-image-1132\" srcset=\"https:\/\/drlbeauty.com\/hu\/wp-content\/uploads\/2022\/03\/drlbeauty_elotte_utana_mellnagyobbitas_tubularis1.jpg 665w, https:\/\/drlbeauty.com\/hu\/wp-content\/uploads\/2022\/03\/drlbeauty_elotte_utana_mellnagyobbitas_tubularis1-480x271.jpg 480w\" sizes=\"(min-width: 0px) and (max-width: 480px) 480px, (min-width: 481px) 665px, 100vw\" \/><figcaption class=\"wp-element-caption\">Tubularis mellkorrekci\u00f3: a m\u0171t\u00e9t el\u0151tt \u00e9s ut\u00e1na 1 \u00e9vvel <a href=\"https:\/\/drlbeauty.com\/hu\/szolgaltatasok\/mellplasztika\/tubularis-mellkorrekcio1\/\"><strong>(B\u0151vebben)<\/strong><\/a><\/figcaption><\/figure>\n<\/div>\n\n\n\n<div class=\"wp-block-column is-layout-flow wp-block-column-is-layout-flow\">\n<figure class=\"wp-block-image size-full\"><img loading=\"lazy\" decoding=\"async\" width=\"665\" height=\"375\" src=\"https:\/\/drlbeauty.com\/hu\/wp-content\/uploads\/2022\/03\/drlbeauty_elotte_utana_mellnagyobbitas_tubularis2.jpg\" alt=\"\" class=\"wp-image-1133\" srcset=\"https:\/\/drlbeauty.com\/hu\/wp-content\/uploads\/2022\/03\/drlbeauty_elotte_utana_mellnagyobbitas_tubularis2.jpg 665w, https:\/\/drlbeauty.com\/hu\/wp-content\/uploads\/2022\/03\/drlbeauty_elotte_utana_mellnagyobbitas_tubularis2-480x271.jpg 480w\" sizes=\"(min-width: 0px) and (max-width: 480px) 480px, (min-width: 481px) 665px, 100vw\" \/><\/figure>\n<\/div>\n<\/div>\n\n\n\n<h3 class=\"wp-block-heading\">Korrekci\u00f3s lehet\u0151s\u00e9gek<\/h3>\n\n\n\n<p>A mell \u00e1talak\u00edt\u00e1sa el\u0151tt a p\u00e1ciensnek d\u00f6ntenie kell arr\u00f3l, hogy szeretn\u00e9-e <a href=\"https:\/\/drlbeauty.com\/hu\/minden-fontos-dolog-amit-tudnod-kell-a-mellimplantatumokrol\/\">implant\u00e1tum behelyez\u00e9s\u00e9t.<\/a> Ha implant\u00e1tum n\u00e9lk\u00fcl kell a korrekci\u00f3t elv\u00e9gezni, akkor a mell alapter\u00fclet\u00e9nek megnagyobb\u00edt\u00e1sa, az \u00f6sszeszorult mellsz\u00f6vet fellaz\u00edt\u00e1sa, az esetleges megereszked\u00e9s felvarr\u00e1sa, a mellbimb\u00f3udvar norm\u00e1l m\u00e9ret\u0171v\u00e9 alak\u00edt\u00e1sa a teend\u0151.<br><a href=\"https:\/\/www.youtube.com\/watch?v=GAP8y8_RCD8&amp;t=5s\">Implant\u00e1tum behelyez\u00e9s\u00e9ve<\/a>l (legt\u00f6bbsz\u00f6r enn\u00e9l a probl\u00e9m\u00e1n\u00e1l csepp alak\u00fat haszn\u00e1lnak)&nbsp;<strong>nagyon sz\u00e9pen korrig\u00e1lhat\u00f3 a mell alakja<\/strong>, ugyanakkor ebben az esetben is sz\u00fcks\u00e9g van az alap kib\u0151v\u00edt\u00e9s\u00e9re. A mellsz\u00f6vetet ilyenkor az implant\u00e1tum k\u00f6r\u00e9 ter\u00edtik, majd v\u00e9g\u00fcl a bimb\u00f3udvar eszt\u00e9tikai korrekci\u00f3ja k\u00f6vetkezik.<\/p>\n\n\n\n<p>Ha a k\u00e9t mell k\u00f6z\u00f6tt nagy az elt\u00e9r\u00e9s, k\u00f6nnyen el\u0151fordulhat, hogy k\u00fcl\u00f6nf\u00e9le beavatkoz\u00e1sok v\u00e1lnak sz\u00fcks\u00e9gess\u00e9 az egyik \u00e9s a m\u00e1sik oldalon.<\/p>\n\n\n\n<div class=\"wp-block-columns is-layout-flex wp-container-core-columns-is-layout-9d6595d7 wp-block-columns-is-layout-flex\">\n<div class=\"wp-block-column is-layout-flow wp-block-column-is-layout-flow\">\n<figure class=\"wp-block-image size-full\"><img loading=\"lazy\" decoding=\"async\" width=\"665\" height=\"375\" src=\"https:\/\/drlbeauty.com\/hu\/wp-content\/uploads\/2022\/03\/drlbeauty_elotte_utana_mellnagyobbitas_tubularis3.jpg\" alt=\"\" class=\"wp-image-1136\" srcset=\"https:\/\/drlbeauty.com\/hu\/wp-content\/uploads\/2022\/03\/drlbeauty_elotte_utana_mellnagyobbitas_tubularis3.jpg 665w, https:\/\/drlbeauty.com\/hu\/wp-content\/uploads\/2022\/03\/drlbeauty_elotte_utana_mellnagyobbitas_tubularis3-480x271.jpg 480w\" sizes=\"(min-width: 0px) and (max-width: 480px) 480px, (min-width: 481px) 665px, 100vw\" \/><figcaption class=\"wp-element-caption\">Tubularis mellkorrekci\u00f3: a m\u0171t\u00e9t el\u0151tt \u00e9s ut\u00e1na 5 h\u00f3nappal&nbsp;<a href=\"https:\/\/drlbeauty.com\/hu\/szolgaltatasok\/mellplasztika\/tubularis-mellkorrekcio2\/\"><strong>(B\u0151vebben)<\/strong><\/a><\/figcaption><\/figure>\n<\/div>\n\n\n\n<div class=\"wp-block-column is-layout-flow wp-block-column-is-layout-flow\">\n<figure class=\"wp-block-image size-full\"><img loading=\"lazy\" decoding=\"async\" width=\"665\" height=\"375\" src=\"https:\/\/drlbeauty.com\/hu\/wp-content\/uploads\/2022\/03\/drlbeauty_elotte_utana_mellnagyobbitas_tubularis4.jpg\" alt=\"\" class=\"wp-image-1137\" srcset=\"https:\/\/drlbeauty.com\/hu\/wp-content\/uploads\/2022\/03\/drlbeauty_elotte_utana_mellnagyobbitas_tubularis4.jpg 665w, https:\/\/drlbeauty.com\/hu\/wp-content\/uploads\/2022\/03\/drlbeauty_elotte_utana_mellnagyobbitas_tubularis4-480x271.jpg 480w\" sizes=\"(min-width: 0px) and (max-width: 480px) 480px, (min-width: 481px) 665px, 100vw\" \/><\/figure>\n<\/div>\n<\/div>\n\n\n\n<div style=\"height:29px\" aria-hidden=\"true\" class=\"wp-block-spacer\"><\/div>\n\n\n\n<p>Mivel a mell a n\u0151iess\u00e9g szimb\u00f3luma, mind a n\u0151, mind a f\u00e9rfi sz\u00e1m\u00e1ra, ez\u00e9rt az ezeket \u00e9rint\u0151 ilyen m\u00e9rt\u00e9k\u0171 deformit\u00e1s al\u00e1\u00e1ssa mind a kiegyens\u00falyozott p\u00e1rkapcsolat, mind az \u00f6r\u00f6mmel meg\u00e9lt szexu\u00e1lis \u00e9let kialak\u00edt\u00e1s\u00e1nak lehet\u0151s\u00e9g\u00e9t. A probl\u00e9ma kezel\u00e9se sor\u00e1n nagyon fontos szerepet j\u00e1tszik az orvos r\u00e9sz\u00e9r\u0151l a tapintat \u00e9s az egy\u00fctt\u00e9rz\u00e9s, amely a szakmai tud\u00e1s mellett intenz\u00edven t\u00e1mogatja nem csak a test, hanem a l\u00e9lek gy\u00f3gyul\u00e1s\u00e1t is.<\/p>\n\n\n\n<p><strong>Szakorvosunk, dr. L\u00e9vay Bernadett nagy szakmai tapasztalattal \u00e9s embers\u00e9ggel \u00e1ll a Te rendelkez\u00e9sedre is!<br><a href=\"https:\/\/drlbeauty.com\/hu\/kapcsolat\/\">Gyere el hozz\u00e1nk,<\/a> vegy\u00e9l r\u00e9szt egy konzult\u00e1ci\u00f3n, amely m\u00e9g semmire nem k\u00f6telez, de megnyitja az utat a tin\u00e9dzserkorod \u00f3ta cipelt s\u00falyos probl\u00e9m\u00e1dnak megold\u00e1sa el\u0151tt!<\/strong><\/p>\n\n\n\n<div style=\"height:21px\" aria-hidden=\"true\" class=\"wp-block-spacer\"><\/div>\n\n\n\n<div style=\"height:40px\" aria-hidden=\"true\" class=\"wp-block-spacer\"><\/div>\n\n\n\n<div style=\"height:31px\" aria-hidden=\"true\" class=\"wp-block-spacer\"><\/div>\n","protected":false},"excerpt":{"rendered":"<p>Tubularis mell J\u00f3l tudjuk, hogy minden kornak megvan a maga sz\u00e9ps\u00e9gide\u00e1lja, \u00e9s ez sajnos nem k\u00edm\u00e9li azokat, akik \u00f6nhib\u00e1jukon k\u00edv\u00fcl nem felelnek meg a magasztalt eszt\u00e9tikai \u00e9rt\u00e9keknek. Ugyanakkor a t\u00e1rsadalom nyom\u00e1sa, amely arra \u00f6szt\u00f6nzi a n\u0151ket, hogy legal\u00e1bb k\u00f6zel\u00edtsenek ehhez az ide\u00e1lhoz, minden id\u0151szakban nagy volt, de tal\u00e1n napjainkban minden eddigit fel\u00fclm\u00fal. A tubul\u00e1ris, vagy [&hellip;]<\/p>\n","protected":false},"author":1,"featured_media":530,"comment_status":"open","ping_status":"open","sticky":false,"template":"","format":"standard","meta":{"_et_pb_use_builder":"off","_et_pb_old_content":"","_et_gb_content_width":"","footnotes":""},"categories":[5],"tags":[],"class_list":["post-1131","post","type-post","status-publish","format-standard","has-post-thumbnail","hentry","category-mellplasztika-hu"],"yoast_head":"<!-- This site is optimized with the Yoast SEO plugin v26.8 - https:\/\/yoast.com\/product\/yoast-seo-wordpress\/ -->\n<title>Tubularis mell - DrLBeauty Plasztikai Seb\u00e9szet Budapest<\/title>\n<meta name=\"description\" content=\"Tubularis mell. J\u00f3l tudjuk, hogy minden kornak megvan a maga sz\u00e9ps\u00e9gide\u00e1lja, \u00e9s ez sajnos nem k\u00edm\u00e9li azokat, akik \u00f6nhib\u00e1jukon k\u00edv\u00fcl nem...\" \/>\n<meta name=\"robots\" content=\"index, follow, max-snippet:-1, max-image-preview:large, max-video-preview:-1\" \/>\n<link rel=\"canonical\" href=\"https:\/\/drlbeauty.com\/hu\/a-tubularis-mellrol\/\" \/>\n<meta property=\"og:locale\" content=\"hu_HU\" \/>\n<meta property=\"og:type\" content=\"article\" \/>\n<meta property=\"og:title\" content=\"Tubularis mell - DrLBeauty Plasztikai Seb\u00e9szet Budapest\" \/>\n<meta property=\"og:description\" content=\"Tubularis mell. J\u00f3l tudjuk, hogy minden kornak megvan a maga sz\u00e9ps\u00e9gide\u00e1lja, \u00e9s ez sajnos nem k\u00edm\u00e9li azokat, akik \u00f6nhib\u00e1jukon k\u00edv\u00fcl nem...\" \/>\n<meta property=\"og:url\" content=\"https:\/\/drlbeauty.com\/hu\/a-tubularis-mellrol\/\" \/>\n<meta property=\"og:site_name\" content=\"dr LBeauty Plasztikai Seb\u00e9szet\" \/>\n<meta property=\"article:published_time\" content=\"2022-03-01T13:19:00+00:00\" \/>\n<meta property=\"article:modified_time\" content=\"2023-08-03T11:30:30+00:00\" \/>\n<meta property=\"og:image\" content=\"https:\/\/drlbeauty.com\/hu\/wp-content\/uploads\/2022\/02\/mellplasztika_mellfelvarras_drlbeauty.jpg\" \/>\n\t<meta property=\"og:image:width\" content=\"1080\" \/>\n\t<meta property=\"og:image:height\" content=\"1080\" \/>\n\t<meta property=\"og:image:type\" content=\"image\/jpeg\" \/>\n<meta name=\"author\" content=\"Dr. L\u00e9vay Bernadett\" \/>\n<meta name=\"twitter:card\" content=\"summary_large_image\" \/>\n<meta name=\"twitter:label1\" content=\"Szerz\u0151:\" \/>\n\t<meta name=\"twitter:data1\" content=\"Dr. L\u00e9vay Bernadett\" \/>\n\t<meta name=\"twitter:label2\" content=\"Becs\u00fclt olvas\u00e1si id\u0151\" \/>\n\t<meta name=\"twitter:data2\" content=\"4 perc\" \/>\n<script type=\"application\/ld+json\" class=\"yoast-schema-graph\">{\"@context\":\"https:\/\/schema.org\",\"@graph\":[{\"@type\":\"Article\",\"@id\":\"https:\/\/drlbeauty.com\/hu\/a-tubularis-mellrol\/#article\",\"isPartOf\":{\"@id\":\"https:\/\/drlbeauty.com\/hu\/a-tubularis-mellrol\/\"},\"author\":{\"name\":\"Dr. L\u00e9vay Bernadett\",\"@id\":\"https:\/\/drlbeauty.com\/hu\/#\/schema\/person\/21f1e9bac1ad5d5c110e02de659b156c\"},\"headline\":\"A tubularis mellr\u0151l\",\"datePublished\":\"2022-03-01T13:19:00+00:00\",\"dateModified\":\"2023-08-03T11:30:30+00:00\",\"mainEntityOfPage\":{\"@id\":\"https:\/\/drlbeauty.com\/hu\/a-tubularis-mellrol\/\"},\"wordCount\":760,\"commentCount\":0,\"publisher\":{\"@id\":\"https:\/\/drlbeauty.com\/hu\/#\/schema\/person\/21f1e9bac1ad5d5c110e02de659b156c\"},\"image\":{\"@id\":\"https:\/\/drlbeauty.com\/hu\/a-tubularis-mellrol\/#primaryimage\"},\"thumbnailUrl\":\"https:\/\/drlbeauty.com\/hu\/wp-content\/uploads\/2022\/02\/mellplasztika_mellfelvarras_drlbeauty.jpg\",\"articleSection\":[\"Mellplasztika\"],\"inLanguage\":\"hu\",\"potentialAction\":[{\"@type\":\"CommentAction\",\"name\":\"Comment\",\"target\":[\"https:\/\/drlbeauty.com\/hu\/a-tubularis-mellrol\/#respond\"]}]},{\"@type\":\"WebPage\",\"@id\":\"https:\/\/drlbeauty.com\/hu\/a-tubularis-mellrol\/\",\"url\":\"https:\/\/drlbeauty.com\/hu\/a-tubularis-mellrol\/\",\"name\":\"Tubularis mell - DrLBeauty Plasztikai Seb\u00e9szet Budapest\",\"isPartOf\":{\"@id\":\"https:\/\/drlbeauty.com\/hu\/#website\"},\"primaryImageOfPage\":{\"@id\":\"https:\/\/drlbeauty.com\/hu\/a-tubularis-mellrol\/#primaryimage\"},\"image\":{\"@id\":\"https:\/\/drlbeauty.com\/hu\/a-tubularis-mellrol\/#primaryimage\"},\"thumbnailUrl\":\"https:\/\/drlbeauty.com\/hu\/wp-content\/uploads\/2022\/02\/mellplasztika_mellfelvarras_drlbeauty.jpg\",\"datePublished\":\"2022-03-01T13:19:00+00:00\",\"dateModified\":\"2023-08-03T11:30:30+00:00\",\"description\":\"Tubularis mell. J\u00f3l tudjuk, hogy minden kornak megvan a maga sz\u00e9ps\u00e9gide\u00e1lja, \u00e9s ez sajnos nem k\u00edm\u00e9li azokat, akik \u00f6nhib\u00e1jukon k\u00edv\u00fcl nem...\",\"breadcrumb\":{\"@id\":\"https:\/\/drlbeauty.com\/hu\/a-tubularis-mellrol\/#breadcrumb\"},\"inLanguage\":\"hu\",\"potentialAction\":[{\"@type\":\"ReadAction\",\"target\":[\"https:\/\/drlbeauty.com\/hu\/a-tubularis-mellrol\/\"]}]},{\"@type\":\"ImageObject\",\"inLanguage\":\"hu\",\"@id\":\"https:\/\/drlbeauty.com\/hu\/a-tubularis-mellrol\/#primaryimage\",\"url\":\"https:\/\/drlbeauty.com\/hu\/wp-content\/uploads\/2022\/02\/mellplasztika_mellfelvarras_drlbeauty.jpg\",\"contentUrl\":\"https:\/\/drlbeauty.com\/hu\/wp-content\/uploads\/2022\/02\/mellplasztika_mellfelvarras_drlbeauty.jpg\",\"width\":1080,\"height\":1080,\"caption\":\"mellplasztika\"},{\"@type\":\"BreadcrumbList\",\"@id\":\"https:\/\/drlbeauty.com\/hu\/a-tubularis-mellrol\/#breadcrumb\",\"itemListElement\":[{\"@type\":\"ListItem\",\"position\":1,\"name\":\"Kezd\u0151lap\",\"item\":\"https:\/\/drlbeauty.com\/hu\/\"},{\"@type\":\"ListItem\",\"position\":2,\"name\":\"A tubularis mellr\u0151l\"}]},{\"@type\":\"WebSite\",\"@id\":\"https:\/\/drlbeauty.com\/hu\/#website\",\"url\":\"https:\/\/drlbeauty.com\/hu\/\",\"name\":\"dr LBeauty Plasztikai Seb\u00e9szet\",\"description\":\"My WordPress Blog\",\"publisher\":{\"@id\":\"https:\/\/drlbeauty.com\/hu\/#\/schema\/person\/21f1e9bac1ad5d5c110e02de659b156c\"},\"potentialAction\":[{\"@type\":\"SearchAction\",\"target\":{\"@type\":\"EntryPoint\",\"urlTemplate\":\"https:\/\/drlbeauty.com\/hu\/?s={search_term_string}\"},\"query-input\":{\"@type\":\"PropertyValueSpecification\",\"valueRequired\":true,\"valueName\":\"search_term_string\"}}],\"inLanguage\":\"hu\"},{\"@type\":[\"Person\",\"Organization\"],\"@id\":\"https:\/\/drlbeauty.com\/hu\/#\/schema\/person\/21f1e9bac1ad5d5c110e02de659b156c\",\"name\":\"Dr. L\u00e9vay Bernadett\",\"image\":{\"@type\":\"ImageObject\",\"inLanguage\":\"hu\",\"@id\":\"https:\/\/drlbeauty.com\/hu\/#\/schema\/person\/image\/\",\"url\":\"https:\/\/drlbeauty.com\/hu\/wp-content\/uploads\/2022\/02\/cropped-drlbeauty-weblogo.png\",\"contentUrl\":\"https:\/\/drlbeauty.com\/hu\/wp-content\/uploads\/2022\/02\/cropped-drlbeauty-weblogo.png\",\"width\":512,\"height\":512,\"caption\":\"Dr. L\u00e9vay Bernadett\"},\"logo\":{\"@id\":\"https:\/\/drlbeauty.com\/hu\/#\/schema\/person\/image\/\"},\"sameAs\":[\"https:\/\/drlbeauty.com\/hu\"],\"url\":\"https:\/\/drlbeauty.com\/hu\/author\/levaybernadett\/\"}]}<\/script>\n<!-- \/ Yoast SEO plugin. -->","yoast_head_json":{"title":"Tubularis mell - DrLBeauty Plasztikai Seb\u00e9szet Budapest","description":"Tubularis mell. J\u00f3l tudjuk, hogy minden kornak megvan a maga sz\u00e9ps\u00e9gide\u00e1lja, \u00e9s ez sajnos nem k\u00edm\u00e9li azokat, akik \u00f6nhib\u00e1jukon k\u00edv\u00fcl nem...","robots":{"index":"index","follow":"follow","max-snippet":"max-snippet:-1","max-image-preview":"max-image-preview:large","max-video-preview":"max-video-preview:-1"},"canonical":"https:\/\/drlbeauty.com\/hu\/a-tubularis-mellrol\/","og_locale":"hu_HU","og_type":"article","og_title":"Tubularis mell - DrLBeauty Plasztikai Seb\u00e9szet Budapest","og_description":"Tubularis mell. J\u00f3l tudjuk, hogy minden kornak megvan a maga sz\u00e9ps\u00e9gide\u00e1lja, \u00e9s ez sajnos nem k\u00edm\u00e9li azokat, akik \u00f6nhib\u00e1jukon k\u00edv\u00fcl nem...","og_url":"https:\/\/drlbeauty.com\/hu\/a-tubularis-mellrol\/","og_site_name":"dr LBeauty Plasztikai Seb\u00e9szet","article_published_time":"2022-03-01T13:19:00+00:00","article_modified_time":"2023-08-03T11:30:30+00:00","og_image":[{"width":1080,"height":1080,"url":"https:\/\/drlbeauty.com\/hu\/wp-content\/uploads\/2022\/02\/mellplasztika_mellfelvarras_drlbeauty.jpg","type":"image\/jpeg"}],"author":"Dr. L\u00e9vay Bernadett","twitter_card":"summary_large_image","twitter_misc":{"Szerz\u0151:":"Dr. L\u00e9vay Bernadett","Becs\u00fclt olvas\u00e1si id\u0151":"4 perc"},"schema":{"@context":"https:\/\/schema.org","@graph":[{"@type":"Article","@id":"https:\/\/drlbeauty.com\/hu\/a-tubularis-mellrol\/#article","isPartOf":{"@id":"https:\/\/drlbeauty.com\/hu\/a-tubularis-mellrol\/"},"author":{"name":"Dr. L\u00e9vay Bernadett","@id":"https:\/\/drlbeauty.com\/hu\/#\/schema\/person\/21f1e9bac1ad5d5c110e02de659b156c"},"headline":"A tubularis mellr\u0151l","datePublished":"2022-03-01T13:19:00+00:00","dateModified":"2023-08-03T11:30:30+00:00","mainEntityOfPage":{"@id":"https:\/\/drlbeauty.com\/hu\/a-tubularis-mellrol\/"},"wordCount":760,"commentCount":0,"publisher":{"@id":"https:\/\/drlbeauty.com\/hu\/#\/schema\/person\/21f1e9bac1ad5d5c110e02de659b156c"},"image":{"@id":"https:\/\/drlbeauty.com\/hu\/a-tubularis-mellrol\/#primaryimage"},"thumbnailUrl":"https:\/\/drlbeauty.com\/hu\/wp-content\/uploads\/2022\/02\/mellplasztika_mellfelvarras_drlbeauty.jpg","articleSection":["Mellplasztika"],"inLanguage":"hu","potentialAction":[{"@type":"CommentAction","name":"Comment","target":["https:\/\/drlbeauty.com\/hu\/a-tubularis-mellrol\/#respond"]}]},{"@type":"WebPage","@id":"https:\/\/drlbeauty.com\/hu\/a-tubularis-mellrol\/","url":"https:\/\/drlbeauty.com\/hu\/a-tubularis-mellrol\/","name":"Tubularis mell - DrLBeauty Plasztikai Seb\u00e9szet Budapest","isPartOf":{"@id":"https:\/\/drlbeauty.com\/hu\/#website"},"primaryImageOfPage":{"@id":"https:\/\/drlbeauty.com\/hu\/a-tubularis-mellrol\/#primaryimage"},"image":{"@id":"https:\/\/drlbeauty.com\/hu\/a-tubularis-mellrol\/#primaryimage"},"thumbnailUrl":"https:\/\/drlbeauty.com\/hu\/wp-content\/uploads\/2022\/02\/mellplasztika_mellfelvarras_drlbeauty.jpg","datePublished":"2022-03-01T13:19:00+00:00","dateModified":"2023-08-03T11:30:30+00:00","description":"Tubularis mell. J\u00f3l tudjuk, hogy minden kornak megvan a maga sz\u00e9ps\u00e9gide\u00e1lja, \u00e9s ez sajnos nem k\u00edm\u00e9li azokat, akik \u00f6nhib\u00e1jukon k\u00edv\u00fcl nem...","breadcrumb":{"@id":"https:\/\/drlbeauty.com\/hu\/a-tubularis-mellrol\/#breadcrumb"},"inLanguage":"hu","potentialAction":[{"@type":"ReadAction","target":["https:\/\/drlbeauty.com\/hu\/a-tubularis-mellrol\/"]}]},{"@type":"ImageObject","inLanguage":"hu","@id":"https:\/\/drlbeauty.com\/hu\/a-tubularis-mellrol\/#primaryimage","url":"https:\/\/drlbeauty.com\/hu\/wp-content\/uploads\/2022\/02\/mellplasztika_mellfelvarras_drlbeauty.jpg","contentUrl":"https:\/\/drlbeauty.com\/hu\/wp-content\/uploads\/2022\/02\/mellplasztika_mellfelvarras_drlbeauty.jpg","width":1080,"height":1080,"caption":"mellplasztika"},{"@type":"BreadcrumbList","@id":"https:\/\/drlbeauty.com\/hu\/a-tubularis-mellrol\/#breadcrumb","itemListElement":[{"@type":"ListItem","position":1,"name":"Kezd\u0151lap","item":"https:\/\/drlbeauty.com\/hu\/"},{"@type":"ListItem","position":2,"name":"A tubularis mellr\u0151l"}]},{"@type":"WebSite","@id":"https:\/\/drlbeauty.com\/hu\/#website","url":"https:\/\/drlbeauty.com\/hu\/","name":"dr LBeauty Plasztikai Seb\u00e9szet","description":"My WordPress Blog","publisher":{"@id":"https:\/\/drlbeauty.com\/hu\/#\/schema\/person\/21f1e9bac1ad5d5c110e02de659b156c"},"potentialAction":[{"@type":"SearchAction","target":{"@type":"EntryPoint","urlTemplate":"https:\/\/drlbeauty.com\/hu\/?s={search_term_string}"},"query-input":{"@type":"PropertyValueSpecification","valueRequired":true,"valueName":"search_term_string"}}],"inLanguage":"hu"},{"@type":["Person","Organization"],"@id":"https:\/\/drlbeauty.com\/hu\/#\/schema\/person\/21f1e9bac1ad5d5c110e02de659b156c","name":"Dr. L\u00e9vay Bernadett","image":{"@type":"ImageObject","inLanguage":"hu","@id":"https:\/\/drlbeauty.com\/hu\/#\/schema\/person\/image\/","url":"https:\/\/drlbeauty.com\/hu\/wp-content\/uploads\/2022\/02\/cropped-drlbeauty-weblogo.png","contentUrl":"https:\/\/drlbeauty.com\/hu\/wp-content\/uploads\/2022\/02\/cropped-drlbeauty-weblogo.png","width":512,"height":512,"caption":"Dr. L\u00e9vay Bernadett"},"logo":{"@id":"https:\/\/drlbeauty.com\/hu\/#\/schema\/person\/image\/"},"sameAs":["https:\/\/drlbeauty.com\/hu"],"url":"https:\/\/drlbeauty.com\/hu\/author\/levaybernadett\/"}]}},"_links":{"self":[{"href":"https:\/\/drlbeauty.com\/hu\/wp-json\/wp\/v2\/posts\/1131","targetHints":{"allow":["GET"]}}],"collection":[{"href":"https:\/\/drlbeauty.com\/hu\/wp-json\/wp\/v2\/posts"}],"about":[{"href":"https:\/\/drlbeauty.com\/hu\/wp-json\/wp\/v2\/types\/post"}],"author":[{"embeddable":true,"href":"https:\/\/drlbeauty.com\/hu\/wp-json\/wp\/v2\/users\/1"}],"replies":[{"embeddable":true,"href":"https:\/\/drlbeauty.com\/hu\/wp-json\/wp\/v2\/comments?post=1131"}],"version-history":[{"count":13,"href":"https:\/\/drlbeauty.com\/hu\/wp-json\/wp\/v2\/posts\/1131\/revisions"}],"predecessor-version":[{"id":2958,"href":"https:\/\/drlbeauty.com\/hu\/wp-json\/wp\/v2\/posts\/1131\/revisions\/2958"}],"wp:featuredmedia":[{"embeddable":true,"href":"https:\/\/drlbeauty.com\/hu\/wp-json\/wp\/v2\/media\/530"}],"wp:attachment":[{"href":"https:\/\/drlbeauty.com\/hu\/wp-json\/wp\/v2\/media?parent=1131"}],"wp:term":[{"taxonomy":"category","embeddable":true,"href":"https:\/\/drlbeauty.com\/hu\/wp-json\/wp\/v2\/categories?post=1131"},{"taxonomy":"post_tag","embeddable":true,"href":"https:\/\/drlbeauty.com\/hu\/wp-json\/wp\/v2\/tags?post=1131"}],"curies":[{"name":"wp","href":"https:\/\/api.w.org\/{rel}","templated":true}]}}