{"id":1177,"date":"2022-03-01T14:15:31","date_gmt":"2022-03-01T14:15:31","guid":{"rendered":"https:\/\/teszt.drlbeauty.com\/hu\/?p=1177"},"modified":"2023-08-03T11:29:34","modified_gmt":"2023-08-03T11:29:34","slug":"az-emlovizsgalat-fontossaga-a-megelozesben","status":"publish","type":"post","link":"https:\/\/drlbeauty.com\/hu\/az-emlovizsgalat-fontossaga-a-megelozesben\/","title":{"rendered":"Az eml\u0151vizsg\u00e1lat fontoss\u00e1ga a megel\u0151z\u00e9sben"},"content":{"rendered":"\n<p><\/p>\n\n\n\n<h3 class=\"wp-block-heading\">Az eml\u0151 rosszindulat\u00fa elv\u00e1ltoz\u00e1sai b\u00e1rmely n\u0151n\u00e9l el\u0151fordulhatnak. J\u00f3 tudni, hogy mi magunk is tehet\u00fcnk ezek s\u00falyosbod\u00e1sa ellen, csup\u00e1n azzal, hogy rendszeresen vizsg\u00e1ljuk \u00f6nmagunkat, \u00e9s figyelj\u00fck az int\u0151 jeleket!<\/h3>\n\n\n\n<div style=\"height:23px\" aria-hidden=\"true\" class=\"wp-block-spacer\"><\/div>\n\n\n\n<p><strong>Az <a href=\"https:\/\/www.instagram.com\/p\/CjKT2e7qI1a\/\">eml\u0151r\u00e1k <\/a><\/strong>a n\u0151k k\u00f6r\u00e9ben a m\u00e1sodik leggyakoribb rosszindulat\u00fa daganat a melan\u00f3ma ut\u00e1n. El\u0151fordul\u00e1sa nagyj\u00e1b\u00f3l minden tizedik n\u0151t \u00e9rint, \u00e9s tanulm\u00e1nyok szerint nem gyakoribb a megjelen\u00e9se az implant\u00e1tumot visel\u0151 n\u0151k k\u00f6r\u00e9ben. Megjelen\u00e9s\u00e9hez hozz\u00e1j\u00e1rulhatnak olyan rizik\u00f3faktorok is, mint a hormonok, a genetika, illetve kor\u00e1bbi rosszindulat\u00fa eml\u0151r\u00e1k, vagy sug\u00e1rter\u00e1pia. \u00c9ppen ez\u00e9rt nagyon fontos, hogy minden n\u0151 tiszt\u00e1ban legyen azokkal az inform\u00e1ci\u00f3kkal, amelyek seg\u00edtik \u0151t a megel\u0151z\u00e9sben.<br><\/p>\n\n\n\n<p>Az eml\u0151r\u00e1knak is t\u00f6bb megjelen\u00e9si form\u00e1ja van m\u00e1s r\u00e1kokhoz hasonl\u00f3an, amelyek sz\u00f6vettani t\u00edpusukat tekintve igen k\u00fcl\u00f6nb\u00f6z\u0151ek lehetnek, emiatt fontos szem el\u0151tt tartani, hogy a t\u00fcnetek is nagyon v\u00e1ltozatosak, \u00e9s mindegyiket \u00e9pp ugyanolyan fontos komolyan venn\u00fcnk!<br><\/p>\n\n\n\n<p>A t\u00f6k\u00e9letes diagn\u00f3zis fel\u00e1ll\u00edt\u00e1sa \u00e9rdek\u00e9ben \u00e9rdemes \u00e1tesni t\u00f6bb vizsg\u00e1laton is abban az esetben, ha a mellr\u00e1k gyan\u00faja felmer\u00fclt. Ilyen vizsg\u00e1latok lehetnek: a mammogr\u00e1fi\u00e1s, az eml\u0151 ultrahang, valamint a t\u0171biopszia (v\u00e9kony t\u0171vel t\u00f6rt\u00e9n\u0151 mintav\u00e9tel az elv\u00e1ltoz\u00e1sb\u00f3l). Amennyiben ezek eredm\u00e9nyek\u00e9ppen a diagn\u00f3zis beigazol\u00f3dik, akkor ter\u00e1pi\u00e1s kezel\u00e9sre van sz\u00fcks\u00e9g, amely jelentheti a daganat, vagy az eg\u00e9sz eml\u0151, illetve a h\u00f3nalji nyirokcsom\u00f3k elt\u00e1vol\u00edt\u00e1s\u00e1t is, valamint hormonter\u00e1pi\u00e1t, kemoter\u00e1pi\u00e1t, illetve ak\u00e1r sug\u00e1rter\u00e1pi\u00e1t is.<\/p>\n\n\n\n<div style=\"height:22px\" aria-hidden=\"true\" class=\"wp-block-spacer\"><\/div>\n\n\n\n<h3 class=\"wp-block-heading\">Mikort\u00f3l v\u00e9gezz\u00fcnk \u00f6nvizsg\u00e1latot?<\/h3>\n\n\n\n<p>Javasolt m\u00e1r <strong>20 \u00e9ves kort\u00f3l<\/strong> elkezdeni, \u00e9s havonta egyszer megejteni a vizsg\u00e1latot, amelyet a menstru\u00e1ci\u00f3s peri\u00f3dust k\u00f6vet\u0151 id\u0151szakra \u00e9rdemes id\u0151z\u00edteni, mivel a mell ekkor nem olyan \u00e9rz\u00e9keny, nem duzzadt, ez\u00e9rt ilyenkor a legalkalmasabb az \u00e1ttapogat\u00e1sra.<\/p>\n\n\n\n<div style=\"height:30px\" aria-hidden=\"true\" class=\"wp-block-spacer\"><\/div>\n\n\n\n<h3 class=\"wp-block-heading\">Az \u00f6nvizsg\u00e1lat aj\u00e1nlott menete<\/h3>\n\n\n\n<p>F\u00fcggetlen\u00fcl att\u00f3l, hogy volt, vagy van-e mellimplant\u00e1tumod, a vizsg\u00e1latot ugyan\u00fagy kell v\u00e9gezned. El\u0151sz\u00f6r is az eml\u0151k megtekint\u00e9s\u00e9vel kell kezdeni, hogy azokon l\u00e1that\u00f3-e nagys\u00e1gbeli k\u00fcl\u00f6nbs\u00e9g, vagy a b\u0151r megvastagod\u00e1sa, beh\u00faz\u00f3d\u00e1sa. Int\u0151 jel lehet p\u00e9ld\u00e1ul az eml\u0151bimb\u00f3k beh\u00faz\u00f3d\u00e1sa, v\u00e1lad\u00e9koz\u00e1sa, vagy az eml\u0151 b\u00e1rmely ter\u00fclet\u00e9n l\u00e9v\u0151 b\u0151rbeh\u00faz\u00f3d\u00e1s is!<br>Ezut\u00e1n k\u00f6vetkezik a k\u00e9zzel v\u00e9gzend\u0151 vizsg\u00e1lat. Ehhez emelj\u00fck fel az egyik karunkat, \u00e9s k\u00f6zben az ellent\u00e9tes k\u00e9zzel csup\u00e1n az ujjakat haszn\u00e1lva k\u00f6rk\u00f6r\u00f6s mozdulatokkal vizsg\u00e1ljuk \u00e1t a mell \u00e1llom\u00e1ny\u00e1t. V\u00e9g\u00fcl a m\u00e1sik oldalon is ism\u00e9telj\u00fck meg ugyanezt.<br>Nem szabad kifelejteni a h\u00f3nalji ter\u00fcletek vizsg\u00e1lat\u00e1t sem, hiszen azok is kapcsolatban vannak a mell \u00e1llom\u00e1ny\u00e1val. Valamint fontos, hogy k\u00fcl\u00f6n is megvizsg\u00e1ljuk a mellbimb\u00f3kat, hogy tapasztalhat\u00f3-e v\u00e1lad\u00e9koz\u00e1s, beh\u00faz\u00f3d\u00e1s, vagy esetleg sebesed\u00e9s.<\/p>\n\n\n\n<div style=\"height:29px\" aria-hidden=\"true\" class=\"wp-block-spacer\"><\/div>\n\n\n\n<h3 class=\"wp-block-heading\">Mikor fordulj orvoshoz?<\/h3>\n\n\n\n<p>Ha az \u00f6nvizsg\u00e1lat sor\u00e1n, vagy b\u00e1rmikor m\u00e1skor <strong>csom\u00f3t, vagy g\u00f6b\u00f6t tal\u00e1lsz<\/strong> melledben, vagy h\u00f3naljadban, esetleg azt veszed \u00e9szre, hogy megv\u00e1ltozott melled form\u00e1ja, vagy v\u00e1lad\u00e9kozik valamelyik mellbimb\u00f3d, esetleg tart\u00f3s mellbimb\u00f3-beh\u00faz\u00f3d\u00e1st, eml\u0151 b\u0151r beh\u00faz\u00f3d\u00e1st \u00e9szlelsz, akkor azonnal keresd fel n\u0151gy\u00f3gy\u00e1szodat, \u00e9s k\u00e9rd ki a tan\u00e1cs\u00e1t!<\/p>\n\n\n\n<div style=\"height:22px\" aria-hidden=\"true\" class=\"wp-block-spacer\"><\/div>\n\n\n\n<h3 class=\"wp-block-heading\">Az orvosi vizsg\u00e1latok gyakoris\u00e1ga:<\/h3>\n\n\n\n<p>Ha mindent meg akarsz tenni eg\u00e9szs\u00e9ged megtart\u00e1sa \u00e9rdek\u00e9ben, akkor \u00e9rdemes betartani az eg\u00e9szs\u00e9g\u00fcgyi aj\u00e1nl\u00e1sokat. Eszerint a 20-39 \u00e9ves n\u0151k k\u00f6r\u00e9ben \u00e1ltal\u00e1ban 3 \u00e9vente c\u00e9lszer\u0171 a vizsg\u00e1latokat elv\u00e9geztetni, a 40 \u00e9v feletti n\u0151k eset\u00e9ben pedig \u00e9vente. Egy\u00e9nileg m\u00e1r 20 \u00e9ves kort\u00f3l javasolt, hogy \u00e9vente egyszer a rendszeres n\u0151gy\u00f3gy\u00e1szati l\u00e1togat\u00e1sok egyik\u00e9n a szakorvos v\u00e9gezze el a vizsg\u00e1latokat. Azokn\u00e1l akiknek <a href=\"https:\/\/drlbeauty.com\/hu\/mellimplantatum-garancia-programok\/\">mellimplant\u00e1tumuk<\/a> van, \u00e9vente sz\u00fcks\u00e9ges MR vizsg\u00e1lat is, mivel ez ad felvil\u00e1gos\u00edt\u00e1st az implant\u00e1tum \u00e1llapot\u00e1r\u00f3l.<\/p>\n\n\n\n<div style=\"height:18px\" aria-hidden=\"true\" class=\"wp-block-spacer\"><\/div>\n\n\n\n<h3 class=\"wp-block-heading\">A mammogr\u00e1fia aj\u00e1nlott gyakoris\u00e1ga:<\/h3>\n\n\n\n<p>30-45 \u00e9ves korig: 3 \u00e9vente (szakmai aj\u00e1nl\u00e1s alapj\u00e1n)<br>45-65 \u00e9v k\u00f6z\u00f6tt: 2 \u00e9vente (beh\u00edv\u00e1s alapj\u00e1n)<br>50 \u00e9v felett: \u00e9vente (szakmai aj\u00e1nl\u00e1s alapj\u00e1n)<\/p>\n\n\n\n<p>Teh\u00e1t ne felejtsd el, hogy a megel\u0151z\u00e9sben nagyon fontos szerepet j\u00e1tszik az \u00f6nvizsg\u00e1lat, r\u00e1ad\u00e1sul nem tart sok\u00e1ig, \u00e9s otthon is elv\u00e9gezheted! \u00c9rdemes beilleszteni a mindenkori rutinba ezt a tev\u00e9kenys\u00e9get is, hogy olyan alapvet\u0151v\u00e9 \u00e9s term\u00e9szetess\u00e9 v\u00e1ljon, ak\u00e1r a mindennapos fogmos\u00e1s. Ezzel lehet\u0151s\u00e9ged ny\u00edlik r\u00e1, hogy m\u00e9g id\u0151ben felfedezd az esetleges v\u00e1ltoz\u00e1sokat, \u00e9s a lehet\u0151 leghamarabb kezeltesd azokat!<br>Ha k\u00e9rd\u00e9sed mer\u00fclt fel a t\u00e9m\u00e1val kapcsolatban, <a href=\"https:\/\/drlbeauty.com\/hu\/kapcsolat\/\">keress fel b\u00e1tran minket,<\/a> rendelkez\u00e9sedre \u00e1llunk ebben is!<\/p>\n\n\n\n<div style=\"height:27px\" aria-hidden=\"true\" class=\"wp-block-spacer\"><\/div>\n\n\n\n<p><\/p>\n","protected":false},"excerpt":{"rendered":"<p>Az eml\u0151 rosszindulat\u00fa elv\u00e1ltoz\u00e1sai b\u00e1rmely n\u0151n\u00e9l el\u0151fordulhatnak. J\u00f3 tudni, hogy mi magunk is tehet\u00fcnk ezek s\u00falyosbod\u00e1sa ellen, csup\u00e1n azzal, hogy rendszeresen vizsg\u00e1ljuk \u00f6nmagunkat, \u00e9s figyelj\u00fck az int\u0151 jeleket! Az eml\u0151r\u00e1k a n\u0151k k\u00f6r\u00e9ben a m\u00e1sodik leggyakoribb rosszindulat\u00fa daganat a melan\u00f3ma ut\u00e1n. El\u0151fordul\u00e1sa nagyj\u00e1b\u00f3l minden tizedik n\u0151t \u00e9rint, \u00e9s tanulm\u00e1nyok szerint nem gyakoribb a megjelen\u00e9se az [&hellip;]<\/p>\n","protected":false},"author":1,"featured_media":1178,"comment_status":"open","ping_status":"open","sticky":false,"template":"","format":"standard","meta":{"_et_pb_use_builder":"off","_et_pb_old_content":"","_et_gb_content_width":"","footnotes":""},"categories":[5],"tags":[],"class_list":["post-1177","post","type-post","status-publish","format-standard","has-post-thumbnail","hentry","category-mellplasztika-hu"],"yoast_head":"<!-- This site is optimized with the Yoast SEO plugin v26.8 - https:\/\/yoast.com\/product\/yoast-seo-wordpress\/ -->\n<title>Eml\u0151vizsg\u00e1lat fontoss\u00e1ga a megel\u0151z\u00e9sben - DrLBeauty Plasztika<\/title>\n<meta name=\"description\" content=\"Eml\u0151vizsg\u00e1lat fontoss\u00e1ga a megel\u0151z\u00e9sben. Az eml\u0151 rosszindulat\u00fa elv\u00e1ltoz\u00e1sai b\u00e1rmely n\u0151n\u00e9l el\u0151fordulhatnak. J\u00f3 tudni, hogy mi magunk...\" \/>\n<meta name=\"robots\" content=\"index, follow, max-snippet:-1, max-image-preview:large, max-video-preview:-1\" \/>\n<link rel=\"canonical\" href=\"https:\/\/drlbeauty.com\/hu\/az-emlovizsgalat-fontossaga-a-megelozesben\/\" \/>\n<meta property=\"og:locale\" content=\"hu_HU\" \/>\n<meta property=\"og:type\" content=\"article\" \/>\n<meta property=\"og:title\" content=\"Eml\u0151vizsg\u00e1lat fontoss\u00e1ga a megel\u0151z\u00e9sben - DrLBeauty Plasztika\" \/>\n<meta property=\"og:description\" content=\"Eml\u0151vizsg\u00e1lat fontoss\u00e1ga a megel\u0151z\u00e9sben. Az eml\u0151 rosszindulat\u00fa elv\u00e1ltoz\u00e1sai b\u00e1rmely n\u0151n\u00e9l el\u0151fordulhatnak. J\u00f3 tudni, hogy mi magunk...\" \/>\n<meta property=\"og:url\" content=\"https:\/\/drlbeauty.com\/hu\/az-emlovizsgalat-fontossaga-a-megelozesben\/\" \/>\n<meta property=\"og:site_name\" content=\"dr LBeauty Plasztikai Seb\u00e9szet\" \/>\n<meta property=\"article:published_time\" content=\"2022-03-01T14:15:31+00:00\" \/>\n<meta property=\"article:modified_time\" content=\"2023-08-03T11:29:34+00:00\" \/>\n<meta property=\"og:image\" content=\"https:\/\/drlbeauty.com\/hu\/wp-content\/uploads\/2022\/03\/emlo-onvizsgalat-drlbeauty.jpg\" \/>\n\t<meta property=\"og:image:width\" content=\"1080\" \/>\n\t<meta property=\"og:image:height\" content=\"1080\" \/>\n\t<meta property=\"og:image:type\" content=\"image\/jpeg\" \/>\n<meta name=\"author\" content=\"Dr. L\u00e9vay Bernadett\" \/>\n<meta name=\"twitter:card\" content=\"summary_large_image\" \/>\n<meta name=\"twitter:label1\" content=\"Szerz\u0151:\" \/>\n\t<meta name=\"twitter:data1\" content=\"Dr. L\u00e9vay Bernadett\" \/>\n\t<meta name=\"twitter:label2\" content=\"Becs\u00fclt olvas\u00e1si id\u0151\" \/>\n\t<meta name=\"twitter:data2\" content=\"4 perc\" \/>\n<script type=\"application\/ld+json\" class=\"yoast-schema-graph\">{\"@context\":\"https:\/\/schema.org\",\"@graph\":[{\"@type\":\"Article\",\"@id\":\"https:\/\/drlbeauty.com\/hu\/az-emlovizsgalat-fontossaga-a-megelozesben\/#article\",\"isPartOf\":{\"@id\":\"https:\/\/drlbeauty.com\/hu\/az-emlovizsgalat-fontossaga-a-megelozesben\/\"},\"author\":{\"name\":\"Dr. L\u00e9vay Bernadett\",\"@id\":\"https:\/\/drlbeauty.com\/hu\/#\/schema\/person\/21f1e9bac1ad5d5c110e02de659b156c\"},\"headline\":\"Az eml\u0151vizsg\u00e1lat fontoss\u00e1ga a megel\u0151z\u00e9sben\",\"datePublished\":\"2022-03-01T14:15:31+00:00\",\"dateModified\":\"2023-08-03T11:29:34+00:00\",\"mainEntityOfPage\":{\"@id\":\"https:\/\/drlbeauty.com\/hu\/az-emlovizsgalat-fontossaga-a-megelozesben\/\"},\"wordCount\":899,\"commentCount\":0,\"publisher\":{\"@id\":\"https:\/\/drlbeauty.com\/hu\/#\/schema\/person\/21f1e9bac1ad5d5c110e02de659b156c\"},\"image\":{\"@id\":\"https:\/\/drlbeauty.com\/hu\/az-emlovizsgalat-fontossaga-a-megelozesben\/#primaryimage\"},\"thumbnailUrl\":\"https:\/\/drlbeauty.com\/hu\/wp-content\/uploads\/2022\/03\/emlo-onvizsgalat-drlbeauty.jpg\",\"articleSection\":[\"Mellplasztika\"],\"inLanguage\":\"hu\",\"potentialAction\":[{\"@type\":\"CommentAction\",\"name\":\"Comment\",\"target\":[\"https:\/\/drlbeauty.com\/hu\/az-emlovizsgalat-fontossaga-a-megelozesben\/#respond\"]}]},{\"@type\":\"WebPage\",\"@id\":\"https:\/\/drlbeauty.com\/hu\/az-emlovizsgalat-fontossaga-a-megelozesben\/\",\"url\":\"https:\/\/drlbeauty.com\/hu\/az-emlovizsgalat-fontossaga-a-megelozesben\/\",\"name\":\"Eml\u0151vizsg\u00e1lat fontoss\u00e1ga a megel\u0151z\u00e9sben - DrLBeauty Plasztika\",\"isPartOf\":{\"@id\":\"https:\/\/drlbeauty.com\/hu\/#website\"},\"primaryImageOfPage\":{\"@id\":\"https:\/\/drlbeauty.com\/hu\/az-emlovizsgalat-fontossaga-a-megelozesben\/#primaryimage\"},\"image\":{\"@id\":\"https:\/\/drlbeauty.com\/hu\/az-emlovizsgalat-fontossaga-a-megelozesben\/#primaryimage\"},\"thumbnailUrl\":\"https:\/\/drlbeauty.com\/hu\/wp-content\/uploads\/2022\/03\/emlo-onvizsgalat-drlbeauty.jpg\",\"datePublished\":\"2022-03-01T14:15:31+00:00\",\"dateModified\":\"2023-08-03T11:29:34+00:00\",\"description\":\"Eml\u0151vizsg\u00e1lat fontoss\u00e1ga a megel\u0151z\u00e9sben. Az eml\u0151 rosszindulat\u00fa elv\u00e1ltoz\u00e1sai b\u00e1rmely n\u0151n\u00e9l el\u0151fordulhatnak. J\u00f3 tudni, hogy mi magunk...\",\"breadcrumb\":{\"@id\":\"https:\/\/drlbeauty.com\/hu\/az-emlovizsgalat-fontossaga-a-megelozesben\/#breadcrumb\"},\"inLanguage\":\"hu\",\"potentialAction\":[{\"@type\":\"ReadAction\",\"target\":[\"https:\/\/drlbeauty.com\/hu\/az-emlovizsgalat-fontossaga-a-megelozesben\/\"]}]},{\"@type\":\"ImageObject\",\"inLanguage\":\"hu\",\"@id\":\"https:\/\/drlbeauty.com\/hu\/az-emlovizsgalat-fontossaga-a-megelozesben\/#primaryimage\",\"url\":\"https:\/\/drlbeauty.com\/hu\/wp-content\/uploads\/2022\/03\/emlo-onvizsgalat-drlbeauty.jpg\",\"contentUrl\":\"https:\/\/drlbeauty.com\/hu\/wp-content\/uploads\/2022\/03\/emlo-onvizsgalat-drlbeauty.jpg\",\"width\":1080,\"height\":1080},{\"@type\":\"BreadcrumbList\",\"@id\":\"https:\/\/drlbeauty.com\/hu\/az-emlovizsgalat-fontossaga-a-megelozesben\/#breadcrumb\",\"itemListElement\":[{\"@type\":\"ListItem\",\"position\":1,\"name\":\"Kezd\u0151lap\",\"item\":\"https:\/\/drlbeauty.com\/hu\/\"},{\"@type\":\"ListItem\",\"position\":2,\"name\":\"Az eml\u0151vizsg\u00e1lat fontoss\u00e1ga a megel\u0151z\u00e9sben\"}]},{\"@type\":\"WebSite\",\"@id\":\"https:\/\/drlbeauty.com\/hu\/#website\",\"url\":\"https:\/\/drlbeauty.com\/hu\/\",\"name\":\"dr LBeauty Plasztikai Seb\u00e9szet\",\"description\":\"My WordPress Blog\",\"publisher\":{\"@id\":\"https:\/\/drlbeauty.com\/hu\/#\/schema\/person\/21f1e9bac1ad5d5c110e02de659b156c\"},\"potentialAction\":[{\"@type\":\"SearchAction\",\"target\":{\"@type\":\"EntryPoint\",\"urlTemplate\":\"https:\/\/drlbeauty.com\/hu\/?s={search_term_string}\"},\"query-input\":{\"@type\":\"PropertyValueSpecification\",\"valueRequired\":true,\"valueName\":\"search_term_string\"}}],\"inLanguage\":\"hu\"},{\"@type\":[\"Person\",\"Organization\"],\"@id\":\"https:\/\/drlbeauty.com\/hu\/#\/schema\/person\/21f1e9bac1ad5d5c110e02de659b156c\",\"name\":\"Dr. L\u00e9vay Bernadett\",\"image\":{\"@type\":\"ImageObject\",\"inLanguage\":\"hu\",\"@id\":\"https:\/\/drlbeauty.com\/hu\/#\/schema\/person\/image\/\",\"url\":\"https:\/\/drlbeauty.com\/hu\/wp-content\/uploads\/2022\/02\/cropped-drlbeauty-weblogo.png\",\"contentUrl\":\"https:\/\/drlbeauty.com\/hu\/wp-content\/uploads\/2022\/02\/cropped-drlbeauty-weblogo.png\",\"width\":512,\"height\":512,\"caption\":\"Dr. L\u00e9vay Bernadett\"},\"logo\":{\"@id\":\"https:\/\/drlbeauty.com\/hu\/#\/schema\/person\/image\/\"},\"sameAs\":[\"https:\/\/drlbeauty.com\/hu\"],\"url\":\"https:\/\/drlbeauty.com\/hu\/author\/levaybernadett\/\"}]}<\/script>\n<!-- \/ Yoast SEO plugin. -->","yoast_head_json":{"title":"Eml\u0151vizsg\u00e1lat fontoss\u00e1ga a megel\u0151z\u00e9sben - DrLBeauty Plasztika","description":"Eml\u0151vizsg\u00e1lat fontoss\u00e1ga a megel\u0151z\u00e9sben. Az eml\u0151 rosszindulat\u00fa elv\u00e1ltoz\u00e1sai b\u00e1rmely n\u0151n\u00e9l el\u0151fordulhatnak. J\u00f3 tudni, hogy mi magunk...","robots":{"index":"index","follow":"follow","max-snippet":"max-snippet:-1","max-image-preview":"max-image-preview:large","max-video-preview":"max-video-preview:-1"},"canonical":"https:\/\/drlbeauty.com\/hu\/az-emlovizsgalat-fontossaga-a-megelozesben\/","og_locale":"hu_HU","og_type":"article","og_title":"Eml\u0151vizsg\u00e1lat fontoss\u00e1ga a megel\u0151z\u00e9sben - DrLBeauty Plasztika","og_description":"Eml\u0151vizsg\u00e1lat fontoss\u00e1ga a megel\u0151z\u00e9sben. Az eml\u0151 rosszindulat\u00fa elv\u00e1ltoz\u00e1sai b\u00e1rmely n\u0151n\u00e9l el\u0151fordulhatnak. J\u00f3 tudni, hogy mi magunk...","og_url":"https:\/\/drlbeauty.com\/hu\/az-emlovizsgalat-fontossaga-a-megelozesben\/","og_site_name":"dr LBeauty Plasztikai Seb\u00e9szet","article_published_time":"2022-03-01T14:15:31+00:00","article_modified_time":"2023-08-03T11:29:34+00:00","og_image":[{"width":1080,"height":1080,"url":"https:\/\/drlbeauty.com\/hu\/wp-content\/uploads\/2022\/03\/emlo-onvizsgalat-drlbeauty.jpg","type":"image\/jpeg"}],"author":"Dr. L\u00e9vay Bernadett","twitter_card":"summary_large_image","twitter_misc":{"Szerz\u0151:":"Dr. L\u00e9vay Bernadett","Becs\u00fclt olvas\u00e1si id\u0151":"4 perc"},"schema":{"@context":"https:\/\/schema.org","@graph":[{"@type":"Article","@id":"https:\/\/drlbeauty.com\/hu\/az-emlovizsgalat-fontossaga-a-megelozesben\/#article","isPartOf":{"@id":"https:\/\/drlbeauty.com\/hu\/az-emlovizsgalat-fontossaga-a-megelozesben\/"},"author":{"name":"Dr. L\u00e9vay Bernadett","@id":"https:\/\/drlbeauty.com\/hu\/#\/schema\/person\/21f1e9bac1ad5d5c110e02de659b156c"},"headline":"Az eml\u0151vizsg\u00e1lat fontoss\u00e1ga a megel\u0151z\u00e9sben","datePublished":"2022-03-01T14:15:31+00:00","dateModified":"2023-08-03T11:29:34+00:00","mainEntityOfPage":{"@id":"https:\/\/drlbeauty.com\/hu\/az-emlovizsgalat-fontossaga-a-megelozesben\/"},"wordCount":899,"commentCount":0,"publisher":{"@id":"https:\/\/drlbeauty.com\/hu\/#\/schema\/person\/21f1e9bac1ad5d5c110e02de659b156c"},"image":{"@id":"https:\/\/drlbeauty.com\/hu\/az-emlovizsgalat-fontossaga-a-megelozesben\/#primaryimage"},"thumbnailUrl":"https:\/\/drlbeauty.com\/hu\/wp-content\/uploads\/2022\/03\/emlo-onvizsgalat-drlbeauty.jpg","articleSection":["Mellplasztika"],"inLanguage":"hu","potentialAction":[{"@type":"CommentAction","name":"Comment","target":["https:\/\/drlbeauty.com\/hu\/az-emlovizsgalat-fontossaga-a-megelozesben\/#respond"]}]},{"@type":"WebPage","@id":"https:\/\/drlbeauty.com\/hu\/az-emlovizsgalat-fontossaga-a-megelozesben\/","url":"https:\/\/drlbeauty.com\/hu\/az-emlovizsgalat-fontossaga-a-megelozesben\/","name":"Eml\u0151vizsg\u00e1lat fontoss\u00e1ga a megel\u0151z\u00e9sben - DrLBeauty Plasztika","isPartOf":{"@id":"https:\/\/drlbeauty.com\/hu\/#website"},"primaryImageOfPage":{"@id":"https:\/\/drlbeauty.com\/hu\/az-emlovizsgalat-fontossaga-a-megelozesben\/#primaryimage"},"image":{"@id":"https:\/\/drlbeauty.com\/hu\/az-emlovizsgalat-fontossaga-a-megelozesben\/#primaryimage"},"thumbnailUrl":"https:\/\/drlbeauty.com\/hu\/wp-content\/uploads\/2022\/03\/emlo-onvizsgalat-drlbeauty.jpg","datePublished":"2022-03-01T14:15:31+00:00","dateModified":"2023-08-03T11:29:34+00:00","description":"Eml\u0151vizsg\u00e1lat fontoss\u00e1ga a megel\u0151z\u00e9sben. Az eml\u0151 rosszindulat\u00fa elv\u00e1ltoz\u00e1sai b\u00e1rmely n\u0151n\u00e9l el\u0151fordulhatnak. J\u00f3 tudni, hogy mi magunk...","breadcrumb":{"@id":"https:\/\/drlbeauty.com\/hu\/az-emlovizsgalat-fontossaga-a-megelozesben\/#breadcrumb"},"inLanguage":"hu","potentialAction":[{"@type":"ReadAction","target":["https:\/\/drlbeauty.com\/hu\/az-emlovizsgalat-fontossaga-a-megelozesben\/"]}]},{"@type":"ImageObject","inLanguage":"hu","@id":"https:\/\/drlbeauty.com\/hu\/az-emlovizsgalat-fontossaga-a-megelozesben\/#primaryimage","url":"https:\/\/drlbeauty.com\/hu\/wp-content\/uploads\/2022\/03\/emlo-onvizsgalat-drlbeauty.jpg","contentUrl":"https:\/\/drlbeauty.com\/hu\/wp-content\/uploads\/2022\/03\/emlo-onvizsgalat-drlbeauty.jpg","width":1080,"height":1080},{"@type":"BreadcrumbList","@id":"https:\/\/drlbeauty.com\/hu\/az-emlovizsgalat-fontossaga-a-megelozesben\/#breadcrumb","itemListElement":[{"@type":"ListItem","position":1,"name":"Kezd\u0151lap","item":"https:\/\/drlbeauty.com\/hu\/"},{"@type":"ListItem","position":2,"name":"Az eml\u0151vizsg\u00e1lat fontoss\u00e1ga a megel\u0151z\u00e9sben"}]},{"@type":"WebSite","@id":"https:\/\/drlbeauty.com\/hu\/#website","url":"https:\/\/drlbeauty.com\/hu\/","name":"dr LBeauty Plasztikai Seb\u00e9szet","description":"My WordPress Blog","publisher":{"@id":"https:\/\/drlbeauty.com\/hu\/#\/schema\/person\/21f1e9bac1ad5d5c110e02de659b156c"},"potentialAction":[{"@type":"SearchAction","target":{"@type":"EntryPoint","urlTemplate":"https:\/\/drlbeauty.com\/hu\/?s={search_term_string}"},"query-input":{"@type":"PropertyValueSpecification","valueRequired":true,"valueName":"search_term_string"}}],"inLanguage":"hu"},{"@type":["Person","Organization"],"@id":"https:\/\/drlbeauty.com\/hu\/#\/schema\/person\/21f1e9bac1ad5d5c110e02de659b156c","name":"Dr. L\u00e9vay Bernadett","image":{"@type":"ImageObject","inLanguage":"hu","@id":"https:\/\/drlbeauty.com\/hu\/#\/schema\/person\/image\/","url":"https:\/\/drlbeauty.com\/hu\/wp-content\/uploads\/2022\/02\/cropped-drlbeauty-weblogo.png","contentUrl":"https:\/\/drlbeauty.com\/hu\/wp-content\/uploads\/2022\/02\/cropped-drlbeauty-weblogo.png","width":512,"height":512,"caption":"Dr. L\u00e9vay Bernadett"},"logo":{"@id":"https:\/\/drlbeauty.com\/hu\/#\/schema\/person\/image\/"},"sameAs":["https:\/\/drlbeauty.com\/hu"],"url":"https:\/\/drlbeauty.com\/hu\/author\/levaybernadett\/"}]}},"_links":{"self":[{"href":"https:\/\/drlbeauty.com\/hu\/wp-json\/wp\/v2\/posts\/1177","targetHints":{"allow":["GET"]}}],"collection":[{"href":"https:\/\/drlbeauty.com\/hu\/wp-json\/wp\/v2\/posts"}],"about":[{"href":"https:\/\/drlbeauty.com\/hu\/wp-json\/wp\/v2\/types\/post"}],"author":[{"embeddable":true,"href":"https:\/\/drlbeauty.com\/hu\/wp-json\/wp\/v2\/users\/1"}],"replies":[{"embeddable":true,"href":"https:\/\/drlbeauty.com\/hu\/wp-json\/wp\/v2\/comments?post=1177"}],"version-history":[{"count":3,"href":"https:\/\/drlbeauty.com\/hu\/wp-json\/wp\/v2\/posts\/1177\/revisions"}],"predecessor-version":[{"id":2576,"href":"https:\/\/drlbeauty.com\/hu\/wp-json\/wp\/v2\/posts\/1177\/revisions\/2576"}],"wp:featuredmedia":[{"embeddable":true,"href":"https:\/\/drlbeauty.com\/hu\/wp-json\/wp\/v2\/media\/1178"}],"wp:attachment":[{"href":"https:\/\/drlbeauty.com\/hu\/wp-json\/wp\/v2\/media?parent=1177"}],"wp:term":[{"taxonomy":"category","embeddable":true,"href":"https:\/\/drlbeauty.com\/hu\/wp-json\/wp\/v2\/categories?post=1177"},{"taxonomy":"post_tag","embeddable":true,"href":"https:\/\/drlbeauty.com\/hu\/wp-json\/wp\/v2\/tags?post=1177"}],"curies":[{"name":"wp","href":"https:\/\/api.w.org\/{rel}","templated":true}]}}