{"id":1275,"date":"2022-03-03T14:42:28","date_gmt":"2022-03-03T14:42:28","guid":{"rendered":"https:\/\/teszt.drlbeauty.com\/hu\/?p=1275"},"modified":"2023-08-03T09:21:24","modified_gmt":"2023-08-03T09:21:24","slug":"mutet-utan-is-veled-vagyok","status":"publish","type":"post","link":"https:\/\/drlbeauty.com\/hu\/mutet-utan-is-veled-vagyok\/","title":{"rendered":"A plasztikai m\u0171t\u00e9t ut\u00e1n is veled vagyok"},"content":{"rendered":"\n<p>Amikor konzult\u00e1ci\u00f3 keret\u00e9ben besz\u00e9lget\u00fcnk egy <a href=\"https:\/\/drlbeauty.com\/hu\/szolgaltatasok\/\">plasztikai m\u0171t\u00e9tr\u0151l,<\/a> \u00e9s te \u00e9ppen eld\u00f6nt\u00f6tted, hogy belev\u00e1gsz, akkor nem is gondolod, milyen hamar elj\u00f6n a nagy nap.&nbsp;<strong>A beavatkoz\u00e1st k\u00f6vet\u0151en tov\u00e1bbra is kapcsolatban maradunk: ha k\u00e9rd\u00e9sed van, akkor b\u00e1rmikor h\u00edvhatsz, a kontrollok alkalm\u00e1val pedig figyelemmel k\u00eds\u00e9rem a gy\u00f3gyul\u00e1sodat.<\/strong>&nbsp;Ebben az \u00edr\u00e1sban a k\u00e9t legn\u00e9pszer\u0171bb beavatkoz\u00e1ssal kapcsolatosan felv\u00e1zolom, hogy az egyes m\u0171t\u00e9tek ut\u00e1n mi t\u00f6rt\u00e9nik, mire kell odafigyelni, \u00e9s mire lehet sz\u00fcks\u00e9ged.<\/p>\n\n\n\n<h2 class=\"wp-block-heading\">Mellplasztikai m\u0171t\u00e9t ut\u00e1n<\/h2>\n\n\n\n<p><strong><a href=\"https:\/\/drlbeauty.com\/hu\/szolgaltatasok\/mellplasztika\/\">Mellplasztika<\/a> ut\u00e1n<\/strong>&nbsp;m\u00e1snap reggel kih\u00fazom a drain (v\u00e1lad\u00e9k elvezet\u00e9s\u00e9re szolg\u00e1l\u00f3) cs\u00f6veket, majd k\u00f6t\u00e9ssel \u00e9s egy speci\u00e1lis melltart\u00f3ban hazamehetsz. F\u00e1jdalomcsillap\u00edt\u00f3 \u00e9s antibiotikum szed\u00e9se javasolt, az ehhez sz\u00fcks\u00e9ges recepteket fel\u00edrom neked. A sebekre szilikonos kr\u00e9met aj\u00e1nlok, amit t\u0151lem is beszerezhetsz. J\u00e9gzsel\u00e9 vagy fagyasztott z\u00f6lds\u00e9g\/gy\u00fcm\u00f6lcs \u00f3r\u00e1nk\u00e9nt 10 percre a mellekre helyezve csod\u00e1t tesz, \u00e9s enyh\u00edti a duzzanatot. A beavatkoz\u00e1s ut\u00e1n 1-2 nappal telefonh\u00edv\u00e1st k\u00e9rek az aktu\u00e1lis \u00e1llapotoddal kapcsolatban. A k\u00f6t\u00e9st 4-5 nap m\u00falva lehet lecser\u00e9lni, ezt k\u00f6vet\u0151en pedig m\u00e1r zuhanyozhatsz is, de csakis az enged\u00e9lyemmel, amennyiben a seb rendben van. Ha a m\u0171t\u00e9t ut\u00e1n napokig l\u00e1zas vagy, akkor mindenk\u00e9ppen keress fel! A varratszed\u00e9sre 10-14 napot kell v\u00e1rni, a mellfelvarr\u00e1s eset\u00e9ben pedig 2-3 hetet. A sportmelltart\u00f3t \u2013 ami el\u0151seg\u00edti a gy\u00f3gyul\u00e1st \u2013 6 h\u00e9tig aj\u00e1nlott hordani. Kontrollra 1, 2, 3-6 h\u00f3napos id\u0151k\u00f6z\u00f6nk\u00e9nt ker\u00edt\u00fcnk sort, illetve \u00e9venk\u00e9nt ultrahangos vagy mammogr\u00e1fi\u00e1s lelet k\u00e9sz\u00edt\u00e9s\u00e9re is sz\u00fcks\u00e9g lesz.<\/p>\n\n\n\n<div style=\"height:30px\" aria-hidden=\"true\" class=\"wp-block-spacer\"><\/div>\n\n\n\n<h2 class=\"wp-block-heading\">Hasplasztikai m\u0171t\u00e9t ut\u00e1n<\/h2>\n\n\n\n<p><strong>Hasplasztika ut\u00e1n<\/strong>&nbsp;egyszer\u0171bb a helyzet, mivel a drain, vagy drainek a p\u00e1cienst hazak\u00eds\u00e9rik, \u00e9s minden nap besz\u00e9l\u00fcnk a cs\u00f6(vek)b\u0151l sz\u00e1rmaz\u00f3 hozad\u00e9k mennyis\u00e9g\u00e9vel kapcsolatban, ugyanis ett\u0151l f\u00fcgg, hogy mennyi ideig marad(nak) bent. A cs\u00f6vek elt\u00e1vol\u00edt\u00e1sa ut\u00e1n lehet zuhanyozni. V\u00e9ralvad\u00e1sg\u00e1tl\u00f3 injekci\u00f3 alkalmaz\u00e1sa is sz\u00fcks\u00e9ges, ennek adagol\u00e1sa otthoni feladat 14-21 napon kereszt\u00fcl, de emiatt ne agg\u00f3dj, mert ha kell, akkor megmutatom, hogyan tudod beadni magadnak. A hask\u00f6t\u0151 visel\u00e9se 6 h\u00e9tig javasolt, a sebet pedig hask\u00f6t\u0151n kereszt\u00fcl szabad jegelni. A drain(ek)&nbsp; elt\u00e1vol\u00edt\u00e1sa ut\u00e1n \u2013 a m\u0171t\u00e9thez k\u00e9pest 14-21 nap m\u00falva \u2013 kiszedj\u00fck a varratokat. A <a href=\"https:\/\/drlbeauty.com\/hu\/szolgaltatasok\/hasplasztika\/\">hasplasztika<\/a> eset\u00e9ben a kontrollok 2-3-6 h\u00f3napos id\u0151k\u00f6z\u00f6nk\u00e9nt esed\u00e9kesek, illetve \u00e9venk\u00e9nt aj\u00e1nlatos megism\u00e9telni.<\/p>\n\n\n\n<p><strong>Az egyes kontrollok alkalm\u00e1val mindig elmondom az aktu\u00e1lis teend\u0151ket, amiket be kell tartani a k\u00f6vetkez\u0151 tal\u00e1lkoz\u00f3ig<\/strong>: mire kell odafigyelned, mit csin\u00e1lhatsz, \u00e9s mit nem. A gy\u00f3gyul\u00e1si folyamatt\u00f3l f\u00fcgg, hogy a m\u0171t\u00e9t ut\u00e1n mikor \u00e1llhatsz munk\u00e1ba \u00e9s mikor kezdheted el az akt\u00edv sportol\u00e1st, ezeket szint\u00e9n megbesz\u00e9lj\u00fck a kontrollon.<\/p>\n\n\n\n<p><strong>A fent le\u00edrtak alapj\u00e1n sok mindenre oda kell figyelni a gy\u00f3gyul\u00e1s \u00e9rdek\u00e9ben, de ne feledd, hogy a beavatkoz\u00e1st k\u00f6vet\u0151en is b\u00e1rmikor b\u00e1rmilyen k\u00e9rd\u00e9ssel nyugodtan h\u00edvhatsz! Az a legfontosabb, hogy minden k\u00e9ts\u00e9get eloszlatva megel\u0151zz\u00fck az esetleges sz\u00f6v\u0151dm\u00e9nyeket, \u00e9s szorosan egy\u00fcttm\u0171k\u00f6dve el\u0151seg\u00edts\u00fck a fel\u00e9p\u00fcl\u00e9sedet!<\/strong><\/p>\n\n\n\n<div style=\"height:37px\" aria-hidden=\"true\" class=\"wp-block-spacer\"><\/div>\n","protected":false},"excerpt":{"rendered":"<p>Amikor konzult\u00e1ci\u00f3 keret\u00e9ben besz\u00e9lget\u00fcnk egy plasztikai m\u0171t\u00e9tr\u0151l, \u00e9s te \u00e9ppen eld\u00f6nt\u00f6tted, hogy belev\u00e1gsz, akkor nem is gondolod, milyen hamar elj\u00f6n a nagy nap.&nbsp;A beavatkoz\u00e1st k\u00f6vet\u0151en tov\u00e1bbra is kapcsolatban maradunk: ha k\u00e9rd\u00e9sed van, akkor b\u00e1rmikor h\u00edvhatsz, a kontrollok alkalm\u00e1val pedig figyelemmel k\u00eds\u00e9rem a gy\u00f3gyul\u00e1sodat.&nbsp;Ebben az \u00edr\u00e1sban a k\u00e9t legn\u00e9pszer\u0171bb beavatkoz\u00e1ssal kapcsolatosan felv\u00e1zolom, hogy az egyes m\u0171t\u00e9tek [&hellip;]<\/p>\n","protected":false},"author":1,"featured_media":50,"comment_status":"open","ping_status":"open","sticky":false,"template":"","format":"standard","meta":{"_et_pb_use_builder":"off","_et_pb_old_content":"","_et_gb_content_width":"","footnotes":""},"categories":[6],"tags":[],"class_list":["post-1275","post","type-post","status-publish","format-standard","has-post-thumbnail","hentry","category-plasztikai-sebeszet-hu"],"yoast_head":"<!-- This site is optimized with the Yoast SEO plugin v26.8 - https:\/\/yoast.com\/product\/yoast-seo-wordpress\/ -->\n<title>A plasztikai m\u0171t\u00e9t ut\u00e1n is veled vagyok - DrLBeauty Plasztika<\/title>\n<meta name=\"description\" content=\"A plasztikai m\u0171t\u00e9t ut\u00e1n is veled vagyok. Amikor konzult\u00e1ci\u00f3 keret\u00e9ben besz\u00e9lget\u00fcnk egy plasztikai m\u0171t\u00e9tr\u0151l, \u00e9s te \u00e9ppen eld\u00f6nt\u00f6tted, hogy...\" \/>\n<meta name=\"robots\" content=\"index, follow, max-snippet:-1, max-image-preview:large, max-video-preview:-1\" \/>\n<link rel=\"canonical\" href=\"https:\/\/drlbeauty.com\/hu\/mutet-utan-is-veled-vagyok\/\" \/>\n<meta property=\"og:locale\" content=\"hu_HU\" \/>\n<meta property=\"og:type\" content=\"article\" \/>\n<meta property=\"og:title\" content=\"A plasztikai m\u0171t\u00e9t ut\u00e1n is veled vagyok - DrLBeauty Plasztika\" \/>\n<meta property=\"og:description\" content=\"A plasztikai m\u0171t\u00e9t ut\u00e1n is veled vagyok. Amikor konzult\u00e1ci\u00f3 keret\u00e9ben besz\u00e9lget\u00fcnk egy plasztikai m\u0171t\u00e9tr\u0151l, \u00e9s te \u00e9ppen eld\u00f6nt\u00f6tted, hogy...\" \/>\n<meta property=\"og:url\" content=\"https:\/\/drlbeauty.com\/hu\/mutet-utan-is-veled-vagyok\/\" \/>\n<meta property=\"og:site_name\" content=\"dr LBeauty Plasztikai Seb\u00e9szet\" \/>\n<meta property=\"article:published_time\" content=\"2022-03-03T14:42:28+00:00\" \/>\n<meta property=\"article:modified_time\" content=\"2023-08-03T09:21:24+00:00\" \/>\n<meta property=\"og:image\" content=\"https:\/\/drlbeauty.com\/hu\/wp-content\/uploads\/2022\/01\/dr-levay-bernadett.jpg\" \/>\n\t<meta property=\"og:image:width\" content=\"600\" \/>\n\t<meta property=\"og:image:height\" content=\"476\" \/>\n\t<meta property=\"og:image:type\" content=\"image\/jpeg\" \/>\n<meta name=\"author\" content=\"Dr. L\u00e9vay Bernadett\" \/>\n<meta name=\"twitter:card\" content=\"summary_large_image\" \/>\n<meta name=\"twitter:label1\" content=\"Szerz\u0151:\" \/>\n\t<meta name=\"twitter:data1\" content=\"Dr. L\u00e9vay Bernadett\" \/>\n\t<meta name=\"twitter:label2\" content=\"Becs\u00fclt olvas\u00e1si id\u0151\" \/>\n\t<meta name=\"twitter:data2\" content=\"3 perc\" \/>\n<script type=\"application\/ld+json\" class=\"yoast-schema-graph\">{\"@context\":\"https:\/\/schema.org\",\"@graph\":[{\"@type\":\"Article\",\"@id\":\"https:\/\/drlbeauty.com\/hu\/mutet-utan-is-veled-vagyok\/#article\",\"isPartOf\":{\"@id\":\"https:\/\/drlbeauty.com\/hu\/mutet-utan-is-veled-vagyok\/\"},\"author\":{\"name\":\"Dr. L\u00e9vay Bernadett\",\"@id\":\"https:\/\/drlbeauty.com\/hu\/#\/schema\/person\/21f1e9bac1ad5d5c110e02de659b156c\"},\"headline\":\"A plasztikai m\u0171t\u00e9t ut\u00e1n is veled vagyok\",\"datePublished\":\"2022-03-03T14:42:28+00:00\",\"dateModified\":\"2023-08-03T09:21:24+00:00\",\"mainEntityOfPage\":{\"@id\":\"https:\/\/drlbeauty.com\/hu\/mutet-utan-is-veled-vagyok\/\"},\"wordCount\":639,\"commentCount\":0,\"publisher\":{\"@id\":\"https:\/\/drlbeauty.com\/hu\/#\/schema\/person\/21f1e9bac1ad5d5c110e02de659b156c\"},\"image\":{\"@id\":\"https:\/\/drlbeauty.com\/hu\/mutet-utan-is-veled-vagyok\/#primaryimage\"},\"thumbnailUrl\":\"https:\/\/drlbeauty.com\/hu\/wp-content\/uploads\/2022\/01\/dr-levay-bernadett.jpg\",\"articleSection\":[\"Plasztikai Seb\u00e9szet\"],\"inLanguage\":\"hu\",\"potentialAction\":[{\"@type\":\"CommentAction\",\"name\":\"Comment\",\"target\":[\"https:\/\/drlbeauty.com\/hu\/mutet-utan-is-veled-vagyok\/#respond\"]}]},{\"@type\":\"WebPage\",\"@id\":\"https:\/\/drlbeauty.com\/hu\/mutet-utan-is-veled-vagyok\/\",\"url\":\"https:\/\/drlbeauty.com\/hu\/mutet-utan-is-veled-vagyok\/\",\"name\":\"A plasztikai m\u0171t\u00e9t ut\u00e1n is veled vagyok - DrLBeauty Plasztika\",\"isPartOf\":{\"@id\":\"https:\/\/drlbeauty.com\/hu\/#website\"},\"primaryImageOfPage\":{\"@id\":\"https:\/\/drlbeauty.com\/hu\/mutet-utan-is-veled-vagyok\/#primaryimage\"},\"image\":{\"@id\":\"https:\/\/drlbeauty.com\/hu\/mutet-utan-is-veled-vagyok\/#primaryimage\"},\"thumbnailUrl\":\"https:\/\/drlbeauty.com\/hu\/wp-content\/uploads\/2022\/01\/dr-levay-bernadett.jpg\",\"datePublished\":\"2022-03-03T14:42:28+00:00\",\"dateModified\":\"2023-08-03T09:21:24+00:00\",\"description\":\"A plasztikai m\u0171t\u00e9t ut\u00e1n is veled vagyok. Amikor konzult\u00e1ci\u00f3 keret\u00e9ben besz\u00e9lget\u00fcnk egy plasztikai m\u0171t\u00e9tr\u0151l, \u00e9s te \u00e9ppen eld\u00f6nt\u00f6tted, hogy...\",\"breadcrumb\":{\"@id\":\"https:\/\/drlbeauty.com\/hu\/mutet-utan-is-veled-vagyok\/#breadcrumb\"},\"inLanguage\":\"hu\",\"potentialAction\":[{\"@type\":\"ReadAction\",\"target\":[\"https:\/\/drlbeauty.com\/hu\/mutet-utan-is-veled-vagyok\/\"]}]},{\"@type\":\"ImageObject\",\"inLanguage\":\"hu\",\"@id\":\"https:\/\/drlbeauty.com\/hu\/mutet-utan-is-veled-vagyok\/#primaryimage\",\"url\":\"https:\/\/drlbeauty.com\/hu\/wp-content\/uploads\/2022\/01\/dr-levay-bernadett.jpg\",\"contentUrl\":\"https:\/\/drlbeauty.com\/hu\/wp-content\/uploads\/2022\/01\/dr-levay-bernadett.jpg\",\"width\":600,\"height\":476},{\"@type\":\"BreadcrumbList\",\"@id\":\"https:\/\/drlbeauty.com\/hu\/mutet-utan-is-veled-vagyok\/#breadcrumb\",\"itemListElement\":[{\"@type\":\"ListItem\",\"position\":1,\"name\":\"Kezd\u0151lap\",\"item\":\"https:\/\/drlbeauty.com\/hu\/\"},{\"@type\":\"ListItem\",\"position\":2,\"name\":\"A plasztikai m\u0171t\u00e9t ut\u00e1n is veled vagyok\"}]},{\"@type\":\"WebSite\",\"@id\":\"https:\/\/drlbeauty.com\/hu\/#website\",\"url\":\"https:\/\/drlbeauty.com\/hu\/\",\"name\":\"dr LBeauty Plasztikai Seb\u00e9szet\",\"description\":\"My WordPress Blog\",\"publisher\":{\"@id\":\"https:\/\/drlbeauty.com\/hu\/#\/schema\/person\/21f1e9bac1ad5d5c110e02de659b156c\"},\"potentialAction\":[{\"@type\":\"SearchAction\",\"target\":{\"@type\":\"EntryPoint\",\"urlTemplate\":\"https:\/\/drlbeauty.com\/hu\/?s={search_term_string}\"},\"query-input\":{\"@type\":\"PropertyValueSpecification\",\"valueRequired\":true,\"valueName\":\"search_term_string\"}}],\"inLanguage\":\"hu\"},{\"@type\":[\"Person\",\"Organization\"],\"@id\":\"https:\/\/drlbeauty.com\/hu\/#\/schema\/person\/21f1e9bac1ad5d5c110e02de659b156c\",\"name\":\"Dr. L\u00e9vay Bernadett\",\"image\":{\"@type\":\"ImageObject\",\"inLanguage\":\"hu\",\"@id\":\"https:\/\/drlbeauty.com\/hu\/#\/schema\/person\/image\/\",\"url\":\"https:\/\/drlbeauty.com\/hu\/wp-content\/uploads\/2022\/02\/cropped-drlbeauty-weblogo.png\",\"contentUrl\":\"https:\/\/drlbeauty.com\/hu\/wp-content\/uploads\/2022\/02\/cropped-drlbeauty-weblogo.png\",\"width\":512,\"height\":512,\"caption\":\"Dr. L\u00e9vay Bernadett\"},\"logo\":{\"@id\":\"https:\/\/drlbeauty.com\/hu\/#\/schema\/person\/image\/\"},\"sameAs\":[\"https:\/\/drlbeauty.com\/hu\"],\"url\":\"https:\/\/drlbeauty.com\/hu\/author\/levaybernadett\/\"}]}<\/script>\n<!-- \/ Yoast SEO plugin. -->","yoast_head_json":{"title":"A plasztikai m\u0171t\u00e9t ut\u00e1n is veled vagyok - DrLBeauty Plasztika","description":"A plasztikai m\u0171t\u00e9t ut\u00e1n is veled vagyok. Amikor konzult\u00e1ci\u00f3 keret\u00e9ben besz\u00e9lget\u00fcnk egy plasztikai m\u0171t\u00e9tr\u0151l, \u00e9s te \u00e9ppen eld\u00f6nt\u00f6tted, hogy...","robots":{"index":"index","follow":"follow","max-snippet":"max-snippet:-1","max-image-preview":"max-image-preview:large","max-video-preview":"max-video-preview:-1"},"canonical":"https:\/\/drlbeauty.com\/hu\/mutet-utan-is-veled-vagyok\/","og_locale":"hu_HU","og_type":"article","og_title":"A plasztikai m\u0171t\u00e9t ut\u00e1n is veled vagyok - DrLBeauty Plasztika","og_description":"A plasztikai m\u0171t\u00e9t ut\u00e1n is veled vagyok. Amikor konzult\u00e1ci\u00f3 keret\u00e9ben besz\u00e9lget\u00fcnk egy plasztikai m\u0171t\u00e9tr\u0151l, \u00e9s te \u00e9ppen eld\u00f6nt\u00f6tted, hogy...","og_url":"https:\/\/drlbeauty.com\/hu\/mutet-utan-is-veled-vagyok\/","og_site_name":"dr LBeauty Plasztikai Seb\u00e9szet","article_published_time":"2022-03-03T14:42:28+00:00","article_modified_time":"2023-08-03T09:21:24+00:00","og_image":[{"width":600,"height":476,"url":"https:\/\/drlbeauty.com\/hu\/wp-content\/uploads\/2022\/01\/dr-levay-bernadett.jpg","type":"image\/jpeg"}],"author":"Dr. L\u00e9vay Bernadett","twitter_card":"summary_large_image","twitter_misc":{"Szerz\u0151:":"Dr. L\u00e9vay Bernadett","Becs\u00fclt olvas\u00e1si id\u0151":"3 perc"},"schema":{"@context":"https:\/\/schema.org","@graph":[{"@type":"Article","@id":"https:\/\/drlbeauty.com\/hu\/mutet-utan-is-veled-vagyok\/#article","isPartOf":{"@id":"https:\/\/drlbeauty.com\/hu\/mutet-utan-is-veled-vagyok\/"},"author":{"name":"Dr. L\u00e9vay Bernadett","@id":"https:\/\/drlbeauty.com\/hu\/#\/schema\/person\/21f1e9bac1ad5d5c110e02de659b156c"},"headline":"A plasztikai m\u0171t\u00e9t ut\u00e1n is veled vagyok","datePublished":"2022-03-03T14:42:28+00:00","dateModified":"2023-08-03T09:21:24+00:00","mainEntityOfPage":{"@id":"https:\/\/drlbeauty.com\/hu\/mutet-utan-is-veled-vagyok\/"},"wordCount":639,"commentCount":0,"publisher":{"@id":"https:\/\/drlbeauty.com\/hu\/#\/schema\/person\/21f1e9bac1ad5d5c110e02de659b156c"},"image":{"@id":"https:\/\/drlbeauty.com\/hu\/mutet-utan-is-veled-vagyok\/#primaryimage"},"thumbnailUrl":"https:\/\/drlbeauty.com\/hu\/wp-content\/uploads\/2022\/01\/dr-levay-bernadett.jpg","articleSection":["Plasztikai Seb\u00e9szet"],"inLanguage":"hu","potentialAction":[{"@type":"CommentAction","name":"Comment","target":["https:\/\/drlbeauty.com\/hu\/mutet-utan-is-veled-vagyok\/#respond"]}]},{"@type":"WebPage","@id":"https:\/\/drlbeauty.com\/hu\/mutet-utan-is-veled-vagyok\/","url":"https:\/\/drlbeauty.com\/hu\/mutet-utan-is-veled-vagyok\/","name":"A plasztikai m\u0171t\u00e9t ut\u00e1n is veled vagyok - DrLBeauty Plasztika","isPartOf":{"@id":"https:\/\/drlbeauty.com\/hu\/#website"},"primaryImageOfPage":{"@id":"https:\/\/drlbeauty.com\/hu\/mutet-utan-is-veled-vagyok\/#primaryimage"},"image":{"@id":"https:\/\/drlbeauty.com\/hu\/mutet-utan-is-veled-vagyok\/#primaryimage"},"thumbnailUrl":"https:\/\/drlbeauty.com\/hu\/wp-content\/uploads\/2022\/01\/dr-levay-bernadett.jpg","datePublished":"2022-03-03T14:42:28+00:00","dateModified":"2023-08-03T09:21:24+00:00","description":"A plasztikai m\u0171t\u00e9t ut\u00e1n is veled vagyok. Amikor konzult\u00e1ci\u00f3 keret\u00e9ben besz\u00e9lget\u00fcnk egy plasztikai m\u0171t\u00e9tr\u0151l, \u00e9s te \u00e9ppen eld\u00f6nt\u00f6tted, hogy...","breadcrumb":{"@id":"https:\/\/drlbeauty.com\/hu\/mutet-utan-is-veled-vagyok\/#breadcrumb"},"inLanguage":"hu","potentialAction":[{"@type":"ReadAction","target":["https:\/\/drlbeauty.com\/hu\/mutet-utan-is-veled-vagyok\/"]}]},{"@type":"ImageObject","inLanguage":"hu","@id":"https:\/\/drlbeauty.com\/hu\/mutet-utan-is-veled-vagyok\/#primaryimage","url":"https:\/\/drlbeauty.com\/hu\/wp-content\/uploads\/2022\/01\/dr-levay-bernadett.jpg","contentUrl":"https:\/\/drlbeauty.com\/hu\/wp-content\/uploads\/2022\/01\/dr-levay-bernadett.jpg","width":600,"height":476},{"@type":"BreadcrumbList","@id":"https:\/\/drlbeauty.com\/hu\/mutet-utan-is-veled-vagyok\/#breadcrumb","itemListElement":[{"@type":"ListItem","position":1,"name":"Kezd\u0151lap","item":"https:\/\/drlbeauty.com\/hu\/"},{"@type":"ListItem","position":2,"name":"A plasztikai m\u0171t\u00e9t ut\u00e1n is veled vagyok"}]},{"@type":"WebSite","@id":"https:\/\/drlbeauty.com\/hu\/#website","url":"https:\/\/drlbeauty.com\/hu\/","name":"dr LBeauty Plasztikai Seb\u00e9szet","description":"My WordPress Blog","publisher":{"@id":"https:\/\/drlbeauty.com\/hu\/#\/schema\/person\/21f1e9bac1ad5d5c110e02de659b156c"},"potentialAction":[{"@type":"SearchAction","target":{"@type":"EntryPoint","urlTemplate":"https:\/\/drlbeauty.com\/hu\/?s={search_term_string}"},"query-input":{"@type":"PropertyValueSpecification","valueRequired":true,"valueName":"search_term_string"}}],"inLanguage":"hu"},{"@type":["Person","Organization"],"@id":"https:\/\/drlbeauty.com\/hu\/#\/schema\/person\/21f1e9bac1ad5d5c110e02de659b156c","name":"Dr. L\u00e9vay Bernadett","image":{"@type":"ImageObject","inLanguage":"hu","@id":"https:\/\/drlbeauty.com\/hu\/#\/schema\/person\/image\/","url":"https:\/\/drlbeauty.com\/hu\/wp-content\/uploads\/2022\/02\/cropped-drlbeauty-weblogo.png","contentUrl":"https:\/\/drlbeauty.com\/hu\/wp-content\/uploads\/2022\/02\/cropped-drlbeauty-weblogo.png","width":512,"height":512,"caption":"Dr. L\u00e9vay Bernadett"},"logo":{"@id":"https:\/\/drlbeauty.com\/hu\/#\/schema\/person\/image\/"},"sameAs":["https:\/\/drlbeauty.com\/hu"],"url":"https:\/\/drlbeauty.com\/hu\/author\/levaybernadett\/"}]}},"_links":{"self":[{"href":"https:\/\/drlbeauty.com\/hu\/wp-json\/wp\/v2\/posts\/1275","targetHints":{"allow":["GET"]}}],"collection":[{"href":"https:\/\/drlbeauty.com\/hu\/wp-json\/wp\/v2\/posts"}],"about":[{"href":"https:\/\/drlbeauty.com\/hu\/wp-json\/wp\/v2\/types\/post"}],"author":[{"embeddable":true,"href":"https:\/\/drlbeauty.com\/hu\/wp-json\/wp\/v2\/users\/1"}],"replies":[{"embeddable":true,"href":"https:\/\/drlbeauty.com\/hu\/wp-json\/wp\/v2\/comments?post=1275"}],"version-history":[{"count":5,"href":"https:\/\/drlbeauty.com\/hu\/wp-json\/wp\/v2\/posts\/1275\/revisions"}],"predecessor-version":[{"id":2948,"href":"https:\/\/drlbeauty.com\/hu\/wp-json\/wp\/v2\/posts\/1275\/revisions\/2948"}],"wp:featuredmedia":[{"embeddable":true,"href":"https:\/\/drlbeauty.com\/hu\/wp-json\/wp\/v2\/media\/50"}],"wp:attachment":[{"href":"https:\/\/drlbeauty.com\/hu\/wp-json\/wp\/v2\/media?parent=1275"}],"wp:term":[{"taxonomy":"category","embeddable":true,"href":"https:\/\/drlbeauty.com\/hu\/wp-json\/wp\/v2\/categories?post=1275"},{"taxonomy":"post_tag","embeddable":true,"href":"https:\/\/drlbeauty.com\/hu\/wp-json\/wp\/v2\/tags?post=1275"}],"curies":[{"name":"wp","href":"https:\/\/api.w.org\/{rel}","templated":true}]}}