{"id":1278,"date":"2022-03-03T14:47:05","date_gmt":"2022-03-03T14:47:05","guid":{"rendered":"https:\/\/teszt.drlbeauty.com\/hu\/?p=1278"},"modified":"2023-08-03T09:04:46","modified_gmt":"2023-08-03T09:04:46","slug":"plasztikai-sebeszeti-beavatkozasok-barmikor","status":"publish","type":"post","link":"https:\/\/drlbeauty.com\/hu\/plasztikai-sebeszeti-beavatkozasok-barmikor\/","title":{"rendered":"Plasztikai seb\u00e9szeti beavatkoz\u00e1sok \u2013 b\u00e1rmikor?"},"content":{"rendered":"\n<p>Kor\u00e1bbi cikkeinkben m\u00e1r \u00e9rint\u0151legesen foglalkoztunk azzal a t\u00e9m\u00e1val, hogy a k\u00fcl\u00f6nb\u00f6z\u0151 plasztikai m\u0171t\u00e9teket mikor a legc\u00e9lszer\u0171bb elv\u00e9gezni \u00e9s melyek a felt\u00e9telei. Jelen \u00edr\u00e1sban \u00e1tfog\u00f3 \u00e9s r\u00e9szletes k\u00e9pet szeretn\u00e9nk ny\u00fajtani a plasztikai beavatkoz\u00e1sok ide\u00e1lis k\u00f6r\u00fclm\u00e9nyeir\u0151l \u00e9s felt\u00e9teleir\u0151l az egyes sz\u00e9p\u00e9szeti beavatkoz\u00e1sok szerint taglalva.<\/p>\n\n\n\n<div style=\"height:18px\" aria-hidden=\"true\" class=\"wp-block-spacer\"><\/div>\n\n\n\n<h2 class=\"wp-block-heading\">Plasztikai seb\u00e9szeti beavatkoz\u00e1sok<\/h2>\n\n\n\n<h3 class=\"wp-block-heading\">Mellplasztika<\/h3>\n\n\n\n<p>A&nbsp;<strong>mellplasztika<\/strong>&nbsp;18 \u00e9ves kort\u00f3l aj\u00e1nlott, ugyanis ekkorra a mellek m\u00e1r teljesen kifejl\u0151dnek. Mellnagyobb\u00edt\u00e1s 18 \u00e9ves kor alatt csak speci\u00e1lis esetekben aj\u00e1nlott: nagym\u00e9rt\u00e9k\u0171 aszimmetria vagy fejl\u0151d\u00e9si rendelleness\u00e9g eset\u00e9n. A mellplasztik\u00e1nak nincs fels\u0151 korhat\u00e1ra, minden \u00e9letciklusban seg\u00edts\u00e9get tudunk ny\u00fajtani, hogy a sz\u00e9p keblek hozz\u00e1j\u00e1ruljanak az \u00f6nbizalomhoz.<\/p>\n\n\n\n<p>Sok n\u0151ben felmer\u00fcl a k\u00e9rd\u00e9s, hogy a sz\u00fcl\u00e9s el\u0151tt vagy ut\u00e1n v\u00e9geztessen mellplasztik\u00e1t. A v\u00e1rand\u00f3ss\u00e1g \u00e9s a szoptat\u00e1s egy olyan biol\u00f3giai v\u00e1ltoz\u00e1st eredm\u00e9nyez a n\u0151i szervezetben, amely t\u00f6bbek k\u00f6z\u00f6tt az eml\u0151 mirigy\u00e1llom\u00e1ny\u00e1nak megereszkedetts\u00e9g\u00e9t okozhatja, illetve a kor\u00e1bbi plasztikai beavatkoz\u00e1s eredm\u00e9ny\u00e9t is t\u00f6nkreteheti. Tov\u00e1bbi l\u00e9nyeges t\u00e9nyez\u0151, hogy a n\u0151k t\u00f6bbs\u00e9ge a terhess\u00e9g sor\u00e1n jelent\u0151s s\u00falygyarapod\u00e1sra tesz szert, \u00e9s a tests\u00faly ingadoz\u00e1s szint\u00e9n befoly\u00e1solja a m\u0171t\u00e9ttel el\u00e9rni k\u00edv\u00e1nt eredm\u00e9nyt. Mindezek tudat\u00e1ban a t\u00f6k\u00e9letes m\u0171t\u00e9ti eredm\u00e9ny \u00e9rdek\u00e9ben mind a mellfelvarr\u00e1st, mind a mellnagyobb\u00edt\u00e1st \u00e9s a kisebb\u00edt\u00e9st a sz\u00fcl\u00e9st k\u00f6vet\u0151en aj\u00e1nljuk, pontosabban a szoptat\u00e1s befejez\u00e9se ut\u00e1n 6 h\u00f3nappal k\u00e9s\u0151bb, \u00e9s term\u00e9szetesen tov\u00e1bbi fontos szempont az ide\u00e1lis tests\u00faly el\u00e9r\u00e9se \u00e9s megtart\u00e1sa.<\/p>\n\n\n\n<div style=\"height:25px\" aria-hidden=\"true\" class=\"wp-block-spacer\"><\/div>\n\n\n\n<h3 class=\"wp-block-heading\">F\u00e9rfi mellplasztika<\/h3>\n\n\n\n<p>A&nbsp;<strong>mellkisebb\u00edt\u00e9s f\u00e9rfiaknak<\/strong>&nbsp;szint\u00e9n indokolt lehet, mert a hormon\u00e1lis v\u00e1ltoz\u00e1sok hat\u00e1s\u00e1ra a f\u00e9rfiak eml\u0151mirigyei is megn\u00f6vekedhetnek, \u00e9s a nemi \u00e9r\u00e9s sor\u00e1n t\u00falfejl\u0151dhetnek, illetve aszimmetria is kialakulhat, ha az eml\u0151mirigyek nem egyforma nagys\u00e1g\u00fara n\u0151nek. &nbsp;A m\u0171t\u00e9tre pubert\u00e1s kort k\u00f6vet\u0151en ker\u00fclhet sor, \u00e9s a beavatkoz\u00e1shoz sz\u00fcks\u00e9g van teljes belgy\u00f3gy\u00e1szati, endokrinol\u00f3giai \u00e9s urol\u00f3giai szakvizsg\u00e1latra.<\/p>\n\n\n\n<div style=\"height:16px\" aria-hidden=\"true\" class=\"wp-block-spacer\"><\/div>\n\n\n\n<h3 class=\"wp-block-heading\">Zs\u00edrlesz\u00edv\u00e1s<\/h3>\n\n\n\n<p>A zs\u00edrp\u00e1rn\u00e1k eszt\u00e9tikailag zavarhatj\u00e1k a p\u00e1cienst, ebben az esetben szoktuk aj\u00e1nlani a&nbsp;<strong>zs\u00edrlesz\u00edv\u00e1s<\/strong>t. Zs\u00edrsz\u00f6vet szaporulat a test b\u00e1rmely pontj\u00e1n kialakulhat, \u00e9s f\u0151k\u00e9nt sz\u00fcl\u00e9s ut\u00e1n jellemz\u0151 a n\u0151k eset\u00e9ben. Fontos megjegyezn\u00fcnk, hogy a zs\u00edrlesz\u00edv\u00e1s nem egyen\u00e9rt\u00e9k\u0171 a fogy\u00f3k\u00far\u00e1val, \u00edgy akkor javasolt, ha a p\u00e1ciens lefogyott a k\u00edv\u00e1nt tests\u00falyra, \u00e9s azt tartani tudja. Ezt k\u00f6vet\u0151en a zs\u00edrlesz\u00edv\u00e1s azokon a ter\u00fcleteken indokolt, ahonnan a fogy\u00e1s seg\u00edts\u00e9g\u00e9vel sem t\u0171nt el a zs\u00edrfelesleg. T\u00fals\u00faly eset\u00e9n szint\u00e9n nem javasolt a zs\u00edrlesz\u00edv\u00e1s, mert 20 kg felesleget nem lehet m\u0171t\u00e9ti \u00faton elt\u00e1vol\u00edttatni. A zs\u00edrlesz\u00edv\u00e1st megel\u0151z\u0151en a p\u00e1ciensnek sz\u00fcks\u00e9ge van \u00e9letm\u00f3dv\u00e1lt\u00e1sra, ami mag\u00e1ban foglalja az eg\u00e9szs\u00e9ges t\u00e1pl\u00e1lkoz\u00e1st \u00e9s a rendszeres testmozg\u00e1st, hogy a m\u0171t\u00e9ttel el\u00e9rt eredm\u00e9ny kifog\u00e1stalan \u00e9s fenntarthat\u00f3 legyen.<\/p>\n\n\n\n<div style=\"height:19px\" aria-hidden=\"true\" class=\"wp-block-spacer\"><\/div>\n\n\n\n<h3 class=\"wp-block-heading\">Arcplasztikai beavatkoz\u00e1sok<\/h3>\n\n\n\n<p>A&nbsp;<strong>r\u00e1ncfelt\u00f6lt\u00e9s<\/strong>&nbsp;\u00e1ltal\u00e1ban 35 \u00e9ves kor felett indokolt, amikor a b\u0151r elveszti a rugalmass\u00e1g\u00e1t, \u00e9s ennek k\u00f6vetkezt\u00e9ben a homlok ter\u00fclet\u00e9n, az ajkak k\u00f6r\u00fcl \u00e9s a szem k\u00f6rny\u00e9k\u00e9n m\u00e1r megjelennek a r\u00e1ncok. A finomabb, nem t\u00fal m\u00e9ly r\u00e1ncokat a b\u0151rben is megtal\u00e1lhat\u00f3 hyaluronsavval t\u00f6ltj\u00fck fel az arc egyes ter\u00fcletein. 60 \u00e9ves kor felett a m\u00e9lyebb r\u00e1ncokkal rendelkez\u0151 arcb\u0151r eset\u00e9ben ez az elj\u00e1r\u00e1s m\u00e1r nem t\u00fal hat\u00e1sos, \u00edgy az arcplasztik\u00e1val tudjuk korrig\u00e1lni a b\u0151r megereszkedetts\u00e9g\u00e9t. Szint\u00e9n hyaluronsavat haszn\u00e1lunk az&nbsp;<strong>ajakfelt\u00f6lt\u00e9s<\/strong>hez is, amellyel a v\u00e9kony, keskeny ajkakat teltebb\u00e9 var\u00e1zsoljuk, \u00edgy fokozva az arc sz\u00e9ps\u00e9g\u00e9t. Az ajakfelt\u00f6lt\u00e9st \u2013 a mellplasztik\u00e1hoz hasonl\u00f3an \u2013 18 \u00e9ves kor felett aj\u00e1nljuk.<\/p>\n\n\n\n<p>A&nbsp;<strong>szemh\u00e9jplasztika<\/strong>&nbsp;nincs korhoz k\u00f6tve. Az \u00e9letkor el\u0151rehaladt\u00e1val a szemh\u00e9jak b\u0151re elv\u00e9konyodik, barna foltok jelenhetnek meg rajta \u00e9s szarkal\u00e1bak keletkeznek a szemek sark\u00e1ban. A m\u0171t\u00e9tet term\u00e9szetesen a legkorszer\u0171bb technik\u00e1kkal v\u00e9gezz\u00fck, amelynek t\u00edpusa a p\u00e1ciens adotts\u00e1gait\u00f3l f\u00fcgg.<\/p>\n\n\n\n<div style=\"height:13px\" aria-hidden=\"true\" class=\"wp-block-spacer\"><\/div>\n\n\n\n<h3 class=\"wp-block-heading\">Orrplasztika<\/h3>\n\n\n\n<p>Az&nbsp;<strong>orrplasztika<\/strong>&nbsp;seg\u00edts\u00e9g\u00e9vel orvosolhat\u00f3 a deform\u00e1lt orr \u00e9s az orrs\u00f6v\u00e9nyferd\u00fcl\u00e9s, \u00edgy nemcsak eszt\u00e9tikai, de eg\u00e9szs\u00e9g\u00fcgyi szempontb\u00f3l is \u00e9rdemes elv\u00e9geztetni. Az orrplasztika felt\u00e9tele, hogy a p\u00e1ciens bet\u00f6ltse a 15. \u00e9let\u00e9v\u00e9t.<\/p>\n\n\n\n<div style=\"height:18px\" aria-hidden=\"true\" class=\"wp-block-spacer\"><\/div>\n\n\n\n<h3 class=\"wp-block-heading\">F\u00fclplasztika<\/h3>\n\n\n\n<p>A nagym\u00e9ret\u0171, el\u00e1ll\u00f3 f\u00fclek eszt\u00e9tikailag szint\u00e9n zavar\u00f3ak lehetnek, \u00edgy a&nbsp;<strong>f\u00fclplasztik\u00e1<\/strong>val harmonikusabb\u00e1 tehet\u0151 az arc szerkezete. Gyermekekn\u00e9l m\u00e1r 6 \u00e9ves kort\u00f3l elv\u00e9gezhet\u0151 ez az egyszer\u0171 beavatkoz\u00e1s, aminek seg\u00edts\u00e9g\u00e9vel elej\u00e9t vehetj\u00fck a gyerekkori cs\u00fafol\u00f3d\u00e1snak.<\/p>\n\n\n\n<div style=\"height:15px\" aria-hidden=\"true\" class=\"wp-block-spacer\"><\/div>\n\n\n\n<p>\u00d6sszefoglalva, az egyes plasztikai seb\u00e9szeti beavatkoz\u00e1sokra k\u00fcl\u00f6nb\u00f6z\u0151 felt\u00e9telek vonatkoznak, azonban minden m\u0171t\u00e9thez sz\u00fcks\u00e9g van az aj\u00e1nlott \u00e9letkor bet\u00f6lt\u00e9s\u00e9re (16 \u00e9ves kor alatt a sz\u00fcl\u0151nek is al\u00e1 kell \u00edrnia a beleegyez\u0151 nyilatkozatot), \u00e9s egyes m\u0171t\u00e9tek eset\u00e9ben (pl. sz\u00fcl\u00e9s ut\u00e1ni mell- vagy hasplasztika) az ide\u00e1lis k\u00f6r\u00fclm\u00e9nyek megteremt\u00e9s\u00e9re.<\/p>\n\n\n\n<div style=\"height:24px\" aria-hidden=\"true\" class=\"wp-block-spacer\"><\/div>\n","protected":false},"excerpt":{"rendered":"<p>Kor\u00e1bbi cikkeinkben m\u00e1r \u00e9rint\u0151legesen foglalkoztunk azzal a t\u00e9m\u00e1val, hogy a k\u00fcl\u00f6nb\u00f6z\u0151 plasztikai m\u0171t\u00e9teket mikor a legc\u00e9lszer\u0171bb elv\u00e9gezni \u00e9s melyek a felt\u00e9telei. Jelen \u00edr\u00e1sban \u00e1tfog\u00f3 \u00e9s r\u00e9szletes k\u00e9pet szeretn\u00e9nk ny\u00fajtani a plasztikai beavatkoz\u00e1sok ide\u00e1lis k\u00f6r\u00fclm\u00e9nyeir\u0151l \u00e9s felt\u00e9teleir\u0151l az egyes sz\u00e9p\u00e9szeti beavatkoz\u00e1sok szerint taglalva. Plasztikai seb\u00e9szeti beavatkoz\u00e1sok Mellplasztika A&nbsp;mellplasztika&nbsp;18 \u00e9ves kort\u00f3l aj\u00e1nlott, ugyanis ekkorra a mellek m\u00e1r [&hellip;]<\/p>\n","protected":false},"author":1,"featured_media":58,"comment_status":"open","ping_status":"open","sticky":false,"template":"","format":"standard","meta":{"_et_pb_use_builder":"off","_et_pb_old_content":"","_et_gb_content_width":"","footnotes":""},"categories":[6],"tags":[],"class_list":["post-1278","post","type-post","status-publish","format-standard","has-post-thumbnail","hentry","category-plasztikai-sebeszet-hu"],"yoast_head":"<!-- This site is optimized with the Yoast SEO plugin v26.8 - https:\/\/yoast.com\/product\/yoast-seo-wordpress\/ -->\n<title>Plasztikai seb\u00e9szeti beavatkoz\u00e1sok - DrLBeauty Plasztika<\/title>\n<meta name=\"description\" content=\"Plasztikai seb\u00e9szeti beavatkoz\u00e1sok b\u00e1rmikor? A k\u00fcl\u00f6nb\u00f6z\u0151 plasztikai m\u0171t\u00e9teket mikor a legc\u00e9lszer\u0171bb elv\u00e9gezni \u00e9s melyek a felt\u00e9telei.\" \/>\n<meta name=\"robots\" content=\"index, follow, max-snippet:-1, max-image-preview:large, max-video-preview:-1\" \/>\n<link rel=\"canonical\" href=\"https:\/\/drlbeauty.com\/hu\/plasztikai-sebeszeti-beavatkozasok-barmikor\/\" \/>\n<meta property=\"og:locale\" content=\"hu_HU\" \/>\n<meta property=\"og:type\" content=\"article\" \/>\n<meta property=\"og:title\" content=\"Plasztikai seb\u00e9szeti beavatkoz\u00e1sok - DrLBeauty Plasztika\" \/>\n<meta property=\"og:description\" content=\"Plasztikai seb\u00e9szeti beavatkoz\u00e1sok b\u00e1rmikor? A k\u00fcl\u00f6nb\u00f6z\u0151 plasztikai m\u0171t\u00e9teket mikor a legc\u00e9lszer\u0171bb elv\u00e9gezni \u00e9s melyek a felt\u00e9telei.\" \/>\n<meta property=\"og:url\" content=\"https:\/\/drlbeauty.com\/hu\/plasztikai-sebeszeti-beavatkozasok-barmikor\/\" \/>\n<meta property=\"og:site_name\" content=\"dr LBeauty Plasztikai Seb\u00e9szet\" \/>\n<meta property=\"article:published_time\" content=\"2022-03-03T14:47:05+00:00\" \/>\n<meta property=\"article:modified_time\" content=\"2023-08-03T09:04:46+00:00\" \/>\n<meta property=\"og:image\" content=\"https:\/\/drlbeauty.com\/hu\/wp-content\/uploads\/2022\/01\/levaybernadett_plasztikaisebesz.jpg\" \/>\n\t<meta property=\"og:image:width\" content=\"1170\" \/>\n\t<meta property=\"og:image:height\" content=\"700\" \/>\n\t<meta property=\"og:image:type\" content=\"image\/jpeg\" \/>\n<meta name=\"author\" content=\"Dr. L\u00e9vay Bernadett\" \/>\n<meta name=\"twitter:card\" content=\"summary_large_image\" \/>\n<meta name=\"twitter:label1\" content=\"Szerz\u0151:\" \/>\n\t<meta name=\"twitter:data1\" content=\"Dr. L\u00e9vay Bernadett\" \/>\n\t<meta name=\"twitter:label2\" content=\"Becs\u00fclt olvas\u00e1si id\u0151\" \/>\n\t<meta name=\"twitter:data2\" content=\"4 perc\" \/>\n<script type=\"application\/ld+json\" class=\"yoast-schema-graph\">{\"@context\":\"https:\/\/schema.org\",\"@graph\":[{\"@type\":\"Article\",\"@id\":\"https:\/\/drlbeauty.com\/hu\/plasztikai-sebeszeti-beavatkozasok-barmikor\/#article\",\"isPartOf\":{\"@id\":\"https:\/\/drlbeauty.com\/hu\/plasztikai-sebeszeti-beavatkozasok-barmikor\/\"},\"author\":{\"name\":\"Dr. L\u00e9vay Bernadett\",\"@id\":\"https:\/\/drlbeauty.com\/hu\/#\/schema\/person\/21f1e9bac1ad5d5c110e02de659b156c\"},\"headline\":\"Plasztikai seb\u00e9szeti beavatkoz\u00e1sok \u2013 b\u00e1rmikor?\",\"datePublished\":\"2022-03-03T14:47:05+00:00\",\"dateModified\":\"2023-08-03T09:04:46+00:00\",\"mainEntityOfPage\":{\"@id\":\"https:\/\/drlbeauty.com\/hu\/plasztikai-sebeszeti-beavatkozasok-barmikor\/\"},\"wordCount\":1021,\"commentCount\":0,\"publisher\":{\"@id\":\"https:\/\/drlbeauty.com\/hu\/#\/schema\/person\/21f1e9bac1ad5d5c110e02de659b156c\"},\"image\":{\"@id\":\"https:\/\/drlbeauty.com\/hu\/plasztikai-sebeszeti-beavatkozasok-barmikor\/#primaryimage\"},\"thumbnailUrl\":\"https:\/\/drlbeauty.com\/hu\/wp-content\/uploads\/2022\/01\/levaybernadett_plasztikaisebesz.jpg\",\"articleSection\":[\"Plasztikai Seb\u00e9szet\"],\"inLanguage\":\"hu\",\"potentialAction\":[{\"@type\":\"CommentAction\",\"name\":\"Comment\",\"target\":[\"https:\/\/drlbeauty.com\/hu\/plasztikai-sebeszeti-beavatkozasok-barmikor\/#respond\"]}]},{\"@type\":\"WebPage\",\"@id\":\"https:\/\/drlbeauty.com\/hu\/plasztikai-sebeszeti-beavatkozasok-barmikor\/\",\"url\":\"https:\/\/drlbeauty.com\/hu\/plasztikai-sebeszeti-beavatkozasok-barmikor\/\",\"name\":\"Plasztikai seb\u00e9szeti beavatkoz\u00e1sok - DrLBeauty Plasztika\",\"isPartOf\":{\"@id\":\"https:\/\/drlbeauty.com\/hu\/#website\"},\"primaryImageOfPage\":{\"@id\":\"https:\/\/drlbeauty.com\/hu\/plasztikai-sebeszeti-beavatkozasok-barmikor\/#primaryimage\"},\"image\":{\"@id\":\"https:\/\/drlbeauty.com\/hu\/plasztikai-sebeszeti-beavatkozasok-barmikor\/#primaryimage\"},\"thumbnailUrl\":\"https:\/\/drlbeauty.com\/hu\/wp-content\/uploads\/2022\/01\/levaybernadett_plasztikaisebesz.jpg\",\"datePublished\":\"2022-03-03T14:47:05+00:00\",\"dateModified\":\"2023-08-03T09:04:46+00:00\",\"description\":\"Plasztikai seb\u00e9szeti beavatkoz\u00e1sok b\u00e1rmikor? A k\u00fcl\u00f6nb\u00f6z\u0151 plasztikai m\u0171t\u00e9teket mikor a legc\u00e9lszer\u0171bb elv\u00e9gezni \u00e9s melyek a felt\u00e9telei.\",\"breadcrumb\":{\"@id\":\"https:\/\/drlbeauty.com\/hu\/plasztikai-sebeszeti-beavatkozasok-barmikor\/#breadcrumb\"},\"inLanguage\":\"hu\",\"potentialAction\":[{\"@type\":\"ReadAction\",\"target\":[\"https:\/\/drlbeauty.com\/hu\/plasztikai-sebeszeti-beavatkozasok-barmikor\/\"]}]},{\"@type\":\"ImageObject\",\"inLanguage\":\"hu\",\"@id\":\"https:\/\/drlbeauty.com\/hu\/plasztikai-sebeszeti-beavatkozasok-barmikor\/#primaryimage\",\"url\":\"https:\/\/drlbeauty.com\/hu\/wp-content\/uploads\/2022\/01\/levaybernadett_plasztikaisebesz.jpg\",\"contentUrl\":\"https:\/\/drlbeauty.com\/hu\/wp-content\/uploads\/2022\/01\/levaybernadett_plasztikaisebesz.jpg\",\"width\":1170,\"height\":700},{\"@type\":\"BreadcrumbList\",\"@id\":\"https:\/\/drlbeauty.com\/hu\/plasztikai-sebeszeti-beavatkozasok-barmikor\/#breadcrumb\",\"itemListElement\":[{\"@type\":\"ListItem\",\"position\":1,\"name\":\"Kezd\u0151lap\",\"item\":\"https:\/\/drlbeauty.com\/hu\/\"},{\"@type\":\"ListItem\",\"position\":2,\"name\":\"Plasztikai seb\u00e9szeti beavatkoz\u00e1sok \u2013 b\u00e1rmikor?\"}]},{\"@type\":\"WebSite\",\"@id\":\"https:\/\/drlbeauty.com\/hu\/#website\",\"url\":\"https:\/\/drlbeauty.com\/hu\/\",\"name\":\"dr LBeauty Plasztikai Seb\u00e9szet\",\"description\":\"My WordPress Blog\",\"publisher\":{\"@id\":\"https:\/\/drlbeauty.com\/hu\/#\/schema\/person\/21f1e9bac1ad5d5c110e02de659b156c\"},\"potentialAction\":[{\"@type\":\"SearchAction\",\"target\":{\"@type\":\"EntryPoint\",\"urlTemplate\":\"https:\/\/drlbeauty.com\/hu\/?s={search_term_string}\"},\"query-input\":{\"@type\":\"PropertyValueSpecification\",\"valueRequired\":true,\"valueName\":\"search_term_string\"}}],\"inLanguage\":\"hu\"},{\"@type\":[\"Person\",\"Organization\"],\"@id\":\"https:\/\/drlbeauty.com\/hu\/#\/schema\/person\/21f1e9bac1ad5d5c110e02de659b156c\",\"name\":\"Dr. L\u00e9vay Bernadett\",\"image\":{\"@type\":\"ImageObject\",\"inLanguage\":\"hu\",\"@id\":\"https:\/\/drlbeauty.com\/hu\/#\/schema\/person\/image\/\",\"url\":\"https:\/\/drlbeauty.com\/hu\/wp-content\/uploads\/2022\/02\/cropped-drlbeauty-weblogo.png\",\"contentUrl\":\"https:\/\/drlbeauty.com\/hu\/wp-content\/uploads\/2022\/02\/cropped-drlbeauty-weblogo.png\",\"width\":512,\"height\":512,\"caption\":\"Dr. L\u00e9vay Bernadett\"},\"logo\":{\"@id\":\"https:\/\/drlbeauty.com\/hu\/#\/schema\/person\/image\/\"},\"sameAs\":[\"https:\/\/drlbeauty.com\/hu\"],\"url\":\"https:\/\/drlbeauty.com\/hu\/author\/levaybernadett\/\"}]}<\/script>\n<!-- \/ Yoast SEO plugin. -->","yoast_head_json":{"title":"Plasztikai seb\u00e9szeti beavatkoz\u00e1sok - DrLBeauty Plasztika","description":"Plasztikai seb\u00e9szeti beavatkoz\u00e1sok b\u00e1rmikor? A k\u00fcl\u00f6nb\u00f6z\u0151 plasztikai m\u0171t\u00e9teket mikor a legc\u00e9lszer\u0171bb elv\u00e9gezni \u00e9s melyek a felt\u00e9telei.","robots":{"index":"index","follow":"follow","max-snippet":"max-snippet:-1","max-image-preview":"max-image-preview:large","max-video-preview":"max-video-preview:-1"},"canonical":"https:\/\/drlbeauty.com\/hu\/plasztikai-sebeszeti-beavatkozasok-barmikor\/","og_locale":"hu_HU","og_type":"article","og_title":"Plasztikai seb\u00e9szeti beavatkoz\u00e1sok - DrLBeauty Plasztika","og_description":"Plasztikai seb\u00e9szeti beavatkoz\u00e1sok b\u00e1rmikor? A k\u00fcl\u00f6nb\u00f6z\u0151 plasztikai m\u0171t\u00e9teket mikor a legc\u00e9lszer\u0171bb elv\u00e9gezni \u00e9s melyek a felt\u00e9telei.","og_url":"https:\/\/drlbeauty.com\/hu\/plasztikai-sebeszeti-beavatkozasok-barmikor\/","og_site_name":"dr LBeauty Plasztikai Seb\u00e9szet","article_published_time":"2022-03-03T14:47:05+00:00","article_modified_time":"2023-08-03T09:04:46+00:00","og_image":[{"width":1170,"height":700,"url":"https:\/\/drlbeauty.com\/hu\/wp-content\/uploads\/2022\/01\/levaybernadett_plasztikaisebesz.jpg","type":"image\/jpeg"}],"author":"Dr. L\u00e9vay Bernadett","twitter_card":"summary_large_image","twitter_misc":{"Szerz\u0151:":"Dr. L\u00e9vay Bernadett","Becs\u00fclt olvas\u00e1si id\u0151":"4 perc"},"schema":{"@context":"https:\/\/schema.org","@graph":[{"@type":"Article","@id":"https:\/\/drlbeauty.com\/hu\/plasztikai-sebeszeti-beavatkozasok-barmikor\/#article","isPartOf":{"@id":"https:\/\/drlbeauty.com\/hu\/plasztikai-sebeszeti-beavatkozasok-barmikor\/"},"author":{"name":"Dr. L\u00e9vay Bernadett","@id":"https:\/\/drlbeauty.com\/hu\/#\/schema\/person\/21f1e9bac1ad5d5c110e02de659b156c"},"headline":"Plasztikai seb\u00e9szeti beavatkoz\u00e1sok \u2013 b\u00e1rmikor?","datePublished":"2022-03-03T14:47:05+00:00","dateModified":"2023-08-03T09:04:46+00:00","mainEntityOfPage":{"@id":"https:\/\/drlbeauty.com\/hu\/plasztikai-sebeszeti-beavatkozasok-barmikor\/"},"wordCount":1021,"commentCount":0,"publisher":{"@id":"https:\/\/drlbeauty.com\/hu\/#\/schema\/person\/21f1e9bac1ad5d5c110e02de659b156c"},"image":{"@id":"https:\/\/drlbeauty.com\/hu\/plasztikai-sebeszeti-beavatkozasok-barmikor\/#primaryimage"},"thumbnailUrl":"https:\/\/drlbeauty.com\/hu\/wp-content\/uploads\/2022\/01\/levaybernadett_plasztikaisebesz.jpg","articleSection":["Plasztikai Seb\u00e9szet"],"inLanguage":"hu","potentialAction":[{"@type":"CommentAction","name":"Comment","target":["https:\/\/drlbeauty.com\/hu\/plasztikai-sebeszeti-beavatkozasok-barmikor\/#respond"]}]},{"@type":"WebPage","@id":"https:\/\/drlbeauty.com\/hu\/plasztikai-sebeszeti-beavatkozasok-barmikor\/","url":"https:\/\/drlbeauty.com\/hu\/plasztikai-sebeszeti-beavatkozasok-barmikor\/","name":"Plasztikai seb\u00e9szeti beavatkoz\u00e1sok - DrLBeauty Plasztika","isPartOf":{"@id":"https:\/\/drlbeauty.com\/hu\/#website"},"primaryImageOfPage":{"@id":"https:\/\/drlbeauty.com\/hu\/plasztikai-sebeszeti-beavatkozasok-barmikor\/#primaryimage"},"image":{"@id":"https:\/\/drlbeauty.com\/hu\/plasztikai-sebeszeti-beavatkozasok-barmikor\/#primaryimage"},"thumbnailUrl":"https:\/\/drlbeauty.com\/hu\/wp-content\/uploads\/2022\/01\/levaybernadett_plasztikaisebesz.jpg","datePublished":"2022-03-03T14:47:05+00:00","dateModified":"2023-08-03T09:04:46+00:00","description":"Plasztikai seb\u00e9szeti beavatkoz\u00e1sok b\u00e1rmikor? A k\u00fcl\u00f6nb\u00f6z\u0151 plasztikai m\u0171t\u00e9teket mikor a legc\u00e9lszer\u0171bb elv\u00e9gezni \u00e9s melyek a felt\u00e9telei.","breadcrumb":{"@id":"https:\/\/drlbeauty.com\/hu\/plasztikai-sebeszeti-beavatkozasok-barmikor\/#breadcrumb"},"inLanguage":"hu","potentialAction":[{"@type":"ReadAction","target":["https:\/\/drlbeauty.com\/hu\/plasztikai-sebeszeti-beavatkozasok-barmikor\/"]}]},{"@type":"ImageObject","inLanguage":"hu","@id":"https:\/\/drlbeauty.com\/hu\/plasztikai-sebeszeti-beavatkozasok-barmikor\/#primaryimage","url":"https:\/\/drlbeauty.com\/hu\/wp-content\/uploads\/2022\/01\/levaybernadett_plasztikaisebesz.jpg","contentUrl":"https:\/\/drlbeauty.com\/hu\/wp-content\/uploads\/2022\/01\/levaybernadett_plasztikaisebesz.jpg","width":1170,"height":700},{"@type":"BreadcrumbList","@id":"https:\/\/drlbeauty.com\/hu\/plasztikai-sebeszeti-beavatkozasok-barmikor\/#breadcrumb","itemListElement":[{"@type":"ListItem","position":1,"name":"Kezd\u0151lap","item":"https:\/\/drlbeauty.com\/hu\/"},{"@type":"ListItem","position":2,"name":"Plasztikai seb\u00e9szeti beavatkoz\u00e1sok \u2013 b\u00e1rmikor?"}]},{"@type":"WebSite","@id":"https:\/\/drlbeauty.com\/hu\/#website","url":"https:\/\/drlbeauty.com\/hu\/","name":"dr LBeauty Plasztikai Seb\u00e9szet","description":"My WordPress Blog","publisher":{"@id":"https:\/\/drlbeauty.com\/hu\/#\/schema\/person\/21f1e9bac1ad5d5c110e02de659b156c"},"potentialAction":[{"@type":"SearchAction","target":{"@type":"EntryPoint","urlTemplate":"https:\/\/drlbeauty.com\/hu\/?s={search_term_string}"},"query-input":{"@type":"PropertyValueSpecification","valueRequired":true,"valueName":"search_term_string"}}],"inLanguage":"hu"},{"@type":["Person","Organization"],"@id":"https:\/\/drlbeauty.com\/hu\/#\/schema\/person\/21f1e9bac1ad5d5c110e02de659b156c","name":"Dr. L\u00e9vay Bernadett","image":{"@type":"ImageObject","inLanguage":"hu","@id":"https:\/\/drlbeauty.com\/hu\/#\/schema\/person\/image\/","url":"https:\/\/drlbeauty.com\/hu\/wp-content\/uploads\/2022\/02\/cropped-drlbeauty-weblogo.png","contentUrl":"https:\/\/drlbeauty.com\/hu\/wp-content\/uploads\/2022\/02\/cropped-drlbeauty-weblogo.png","width":512,"height":512,"caption":"Dr. L\u00e9vay Bernadett"},"logo":{"@id":"https:\/\/drlbeauty.com\/hu\/#\/schema\/person\/image\/"},"sameAs":["https:\/\/drlbeauty.com\/hu"],"url":"https:\/\/drlbeauty.com\/hu\/author\/levaybernadett\/"}]}},"_links":{"self":[{"href":"https:\/\/drlbeauty.com\/hu\/wp-json\/wp\/v2\/posts\/1278","targetHints":{"allow":["GET"]}}],"collection":[{"href":"https:\/\/drlbeauty.com\/hu\/wp-json\/wp\/v2\/posts"}],"about":[{"href":"https:\/\/drlbeauty.com\/hu\/wp-json\/wp\/v2\/types\/post"}],"author":[{"embeddable":true,"href":"https:\/\/drlbeauty.com\/hu\/wp-json\/wp\/v2\/users\/1"}],"replies":[{"embeddable":true,"href":"https:\/\/drlbeauty.com\/hu\/wp-json\/wp\/v2\/comments?post=1278"}],"version-history":[{"count":3,"href":"https:\/\/drlbeauty.com\/hu\/wp-json\/wp\/v2\/posts\/1278\/revisions"}],"predecessor-version":[{"id":2838,"href":"https:\/\/drlbeauty.com\/hu\/wp-json\/wp\/v2\/posts\/1278\/revisions\/2838"}],"wp:featuredmedia":[{"embeddable":true,"href":"https:\/\/drlbeauty.com\/hu\/wp-json\/wp\/v2\/media\/58"}],"wp:attachment":[{"href":"https:\/\/drlbeauty.com\/hu\/wp-json\/wp\/v2\/media?parent=1278"}],"wp:term":[{"taxonomy":"category","embeddable":true,"href":"https:\/\/drlbeauty.com\/hu\/wp-json\/wp\/v2\/categories?post=1278"},{"taxonomy":"post_tag","embeddable":true,"href":"https:\/\/drlbeauty.com\/hu\/wp-json\/wp\/v2\/tags?post=1278"}],"curies":[{"name":"wp","href":"https:\/\/api.w.org\/{rel}","templated":true}]}}