{"id":1293,"date":"2022-03-03T15:08:34","date_gmt":"2022-03-03T15:08:34","guid":{"rendered":"https:\/\/teszt.drlbeauty.com\/hu\/?p=1293"},"modified":"2023-08-03T09:03:17","modified_gmt":"2023-08-03T09:03:17","slug":"hogyan-valasszak-plasztikai-sebeszt","status":"publish","type":"post","link":"https:\/\/drlbeauty.com\/hu\/hogyan-valasszak-plasztikai-sebeszt\/","title":{"rendered":"Hogyan v\u00e1lasszak plasztikai seb\u00e9szt?"},"content":{"rendered":"\n<p>Napjainkban m\u00e1r minden szakter\u00fcleten rengeteg szakembert lehet tal\u00e1lni, legyen sz\u00f3 jogi \u00fcgyint\u00e9z\u00e9sr\u0151l, m\u0171szaki cikkek jav\u00edt\u00e1s\u00e1r\u00f3l, vagy eg\u00e9szs\u00e9g\u00fcgyi szakell\u00e1t\u00e1sr\u00f3l. Emiatt nehezebb feladat kiv\u00e1lasztani a sz\u00e1munkra megfelel\u0151 szem\u00e9lyt, hiszen rengeteg inform\u00e1ci\u00f3 rendelkez\u00e9s\u00fcnkre \u00e1ll, \u00e9s id\u0151t kell r\u00e1ford\u00edtani, hogy a v\u00e1laszt\u00e1si lehet\u0151s\u00e9gek k\u00f6z\u00fcl megfelel\u0151 d\u00f6nt\u00e9st tudjunk hozni. Orvost, vagy seb\u00e9szt tal\u00e1lni r\u00e1ad\u00e1sul nagyobb feladat, hiszen&nbsp;<strong>fontos, hogy a szervezet\u00fcnkkel kapcsolatos k\u00e9rd\u00e9sre els\u0151re j\u00f3 megold\u00e1s sz\u00fclessen<\/strong>. Magyarorsz\u00e1gon jelenleg nagy \u00e9s sz\u00ednes a plasztikai seb\u00e9szetek felhozatala, akik f\u0151leg a f\u0151v\u00e1rosban koncentr\u00e1l\u00f3dnak. A Google-ben p\u00e9ld\u00e1ul a &#8222;plasztikai seb\u00e9sz&#8221; vagy &#8222;plasztikai seb\u00e9szet&#8221; kulcssz\u00f3ra keresve legal\u00e1bb 40 k\u00fcl\u00f6nb\u00f6z\u0151 tal\u00e1latot kaphatunk!<\/p>\n\n\n\n<p>Vajon mennyire h\u00e1tr\u00e1ltat benn\u00fcnket az a t\u00e9ny, hogy gyakran elk\u00e9pzel\u00e9s\u00fcnk sincsen, milyen szempontok szerint, \u00e9s milyen m\u00f3dszerrel v\u00e1lasszunk plasztikai seb\u00e9szt magunknak? Most ebben pr\u00f3b\u00e1lunk minden d\u00f6nt\u00e9si helyzetben lev\u0151, vagy az el\u0151tt \u00e1ll\u00f3nak seg\u00edt\u0151 jobbot ny\u00fajtani, hogy a kezdetek kezdet\u00e9n mi t\u00e9v\u0151k is legyenek, \u00e9s n\u00e9h\u00e1ny t\u00e1mpontot adni, amit konzult\u00e1ci\u00f3n \u00e9rdemes megk\u00e9rdezni.<\/p>\n\n\n\n<p>El\u0151sz\u00f6r \u00e9rdemes inform\u00e1ci\u00f3t gy\u0171jteni a mindenki sz\u00e1m\u00e1ra hozz\u00e1f\u00e9rhet\u0151 forr\u00e1sokb\u00f3l, f\u0151leg az internetr\u0151l. A honlapokb\u00f3l, k\u00f6z\u00f6ss\u00e9gi oldalakr\u00f3l \u00e9s m\u00e1s internetes forr\u00e1sokb\u00f3l egyr\u00e9szt t\u00e1j\u00e9koz\u00f3djunk, hogy miben hasonl\u00edtanak, \u00e9s miben k\u00fcl\u00f6nb\u00f6znek az orvosok.&nbsp;<strong>Jel\u00f6lj\u00fck ki magunknak, hogy mik a szempontjaink a v\u00e1laszt\u00e1s sor\u00e1n.<br>Mivel testi \u00e9ps\u00e9g\u00fcnk forog sz\u00f3ban, \u00e9rdemes az anyagiak el\u00e9 m\u00e1s szempontokat helyezni.<\/strong><\/p>\n\n\n\n<div style=\"height:20px\" aria-hidden=\"true\" class=\"wp-block-spacer\"><\/div>\n\n\n\n<h2 class=\"wp-block-heading\"><strong>Ilyen fontos szempontok lehetnek a k\u00f6vetkez\u0151k:<\/strong><\/h2>\n\n\n\n<ul class=\"wp-block-list\">\n<li>n\u0151, vagy f\u00e9rfi seb\u00e9szt szeretn\u00e9nk, kiben tudunk jobban megb\u00edzni?<\/li>\n\n\n\n<li>lehet-e vele szem\u00e9lyesen is kapcsolatot teremteni m\u00e1r az els\u0151 pillanatt\u00f3l fogva, vagy csak k\u00e9s\u0151bb fogunk vele tal\u00e1lkozni?<\/li>\n\n\n\n<li>elegend\u0151 id\u0151t tud-e r\u00e1nk ford\u00edtani, hogy a konzult\u00e1ci\u00f3kr\u00f3l nyitva maradt k\u00e9rd\u00e9sek n\u00e9lk\u00fcl tudjunk t\u00e1vozni?<\/li>\n\n\n\n<li>szakmailag l\u00e9nyeges, hogy milyen eredm\u00e9nyeket \u00e9rt m\u00e1r el a szakorvos, \u00e9s tov\u00e1bbk\u00e9pzi-e mag\u00e1t folyamatosan?<\/li>\n\n\n\n<li>milyen min\u0151s\u00e9g\u0171 term\u00e9kekkel dolgozik a legsz\u00edvesebben, \u00e9s azok el\u00e9g j\u00f3k-e sz\u00e1munkra?<\/li>\n\n\n\n<li>milyen gyakran vannak a kontrollok, \u00e9s mennyire rugalmasan el\u00e9rhet\u0151 a szakorvos?<\/li>\n<\/ul>\n\n\n\n<div style=\"height:23px\" aria-hidden=\"true\" class=\"wp-block-spacer\"><\/div>\n\n\n\n<p><strong>Teh\u00e1t pr\u00f3b\u00e1ljuk \u0151t megismerni szakmailag is, de legyen emberileg is szimpatikus!<\/strong>&nbsp;Fontos, hogy minden k\u00e9rd\u00e9s\u00fcnkre v\u00e1laszoljon, \u00e9s \u00e9rthet\u0151, kiel\u00e9g\u00edt\u0151 v\u00e1laszokat kapjunk, hogy ne maradjon benn\u00fcnk esetlegesen nyugtalans\u00e1g, \u00e9s mindig tudjuk, hogy mikor mi k\u00f6vetkezik, mi a teend\u0151 \u00e9s mi a k\u00f6vetkezm\u00e9nye.<\/p>\n\n\n\n<ul class=\"wp-block-list\">\n<li>\u00c9rdemes az orvosr\u00f3l a k\u00e9peket, cikkeket v\u00e9gign\u00e9zni, \u00e9s ha k\u00e9sz\u00fcltek interj\u00fak, vagy vide\u00f3k, r\u00e1di\u00f3 felv\u00e9telek, akkor azokat is meghallgatni, hogy ne szem\u00e9lyesen l\u00e1ssuk \u0151t el\u0151sz\u00f6r, hanem m\u00e1r kor\u00e1bban is.<\/li>\n\n\n\n<li>Ha munk\u00e1ir\u00f3l is vannak fent k\u00e9pek az interneten, akkor tekints\u00fck \u00e1t, hogy l\u00e1ssuk m\u00e1s emberek p\u00e9ld\u00e1j\u00e1n kereszt\u00fcl is, hogy hogyan dolgozik. A r\u00f6videbb sz\u00f6veges \u00e9rt\u00e9kel\u00e9seken k\u00edv\u00fcl n\u00e9h\u00e1ny p\u00e1ciens t\u00f6rt\u00e9net\u00e9t is elolvashatjuk.<\/li>\n\n\n\n<li>\u00c9lj\u00fcnk a <a href=\"https:\/\/drlbeauty.com\/hu\/hogyan-keszuljek-fel-a-konzultaciora\/\">konzult\u00e1ci\u00f3s<\/a> lehet\u0151s\u00e9gekkel, hiszen sok plasztikai seb\u00e9szeten ez ingyenes.<\/li>\n\n\n\n<li>Amennyiben a plasztikai seb\u00e9sz oldal\u00e1n van k\u00e9pfelt\u00f6lt\u00e9si lehet\u0151s\u00e9g egy el\u0151zetes konzult\u00e1ci\u00f3hoz m\u00e9g a szem\u00e9lyes tal\u00e1lkoz\u00f3 el\u0151tt, \u00e9s ezt megb\u00edzhat\u00f3nak \u00edt\u00e9lj\u00fck, akkor b\u00e1tran haszn\u00e1ljuk ki ennek el\u0151nyeit is.<\/li>\n\n\n\n<li>A m\u00e1sokt\u00f3l szerzett inform\u00e1ci\u00f3kat eg\u00e9sz\u00edts\u00fck ki saj\u00e1t ismer\u0151si k\u00f6r\u00fcnkt\u0151l, t\u00e1volabbi ismer\u0151s\u00f6kt\u0151l szerzett v\u00e9lem\u00e9nyekkel. K\u00e9rdezz\u00fcnk k\u00f6rbe, hogy valakinek van-e valamilyen saj\u00e1t tapasztalata, vagy inform\u00e1ci\u00f3ja a seb\u00e9szekr\u0151l, vagy seb\u00e9szetekr\u0151l.<\/li>\n\n\n\n<li>A megszerzett inform\u00e1ci\u00f3, \u00e9s tapasztalataink alapj\u00e1n sz\u0171k\u00edts\u00fck le a k\u00f6rt a sz\u00e1munkra szimpatikus n\u00e9h\u00e1ny szakorvosra \u00e9s vegy\u00fck fel vel\u00fck szem\u00e9lyesen a kapcsolatot. Lehet\u0151s\u00e9g szerint tal\u00e1lkozzunk a kiv\u00e1lasztott orvosokkal, hogy szem\u00e9lyesen is meg tudjunk gy\u0151z\u0151dni r\u00f3la, ha sz\u00edv\u00fcnk egyikhez-m\u00e1sikhoz jobban h\u00faz.<\/li>\n\n\n\n<li>A konzult\u00e1ci\u00f3 sor\u00e1n tegy\u00fck fel a konkr\u00e9t k\u00e9rd\u00e9seinket, amelyeket el\u0151tte aj\u00e1nlott is \u00f6ssze\u00edrni.<\/li>\n<\/ul>\n\n\n\n<div style=\"height:23px\" aria-hidden=\"true\" class=\"wp-block-spacer\"><\/div>\n\n\n\n<h2 class=\"wp-block-heading\"><strong>Az al\u00e1bbi k\u00e9rd\u00e9seket mindenk\u00e9ppen \u00e9rdemes feltenni:<\/strong><\/h2>\n\n\n\n<ul class=\"wp-block-list\">\n<li>a m\u0171t\u00e9tet k\u00f6vet\u0151en milyen gyakran vannak a kontrollok \u00e9s mi t\u00f6rt\u00e9nik ezeken<\/li>\n\n\n\n<li>milyen szok\u00e1sokat kell megv\u00e1ltoztatni a m\u0171t\u00e9tet k\u00f6vet\u0151en, \u00e9s mennyi id\u0151re<\/li>\n\n\n\n<li>ha probl\u00e9ma l\u00e9p fel, akkor kit kereshet\u00fcnk a nap 24 \u00f3r\u00e1j\u00e1ban<\/li>\n\n\n\n<li>mennyi id\u0151 alatt v\u00e1lik v\u00e9glegess\u00e9 az eredm\u00e9ny<\/li>\n\n\n\n<li>a k\u00f6lts\u00e9gek pontosan hogyan alakulnak, a kontrollok ingyenesek-e ak\u00e1r 10 \u00e9v m\u00falva is?<\/li>\n<\/ul>\n\n\n\n<div style=\"height:20px\" aria-hidden=\"true\" class=\"wp-block-spacer\"><\/div>\n\n\n\n<p>Rem\u00e9lj\u00fck, hogy seg\u00edts\u00e9g\u00fcnkkel mindenki k\u00f6nnyebben \u00e1tgondolja \u00e9s letiszt\u00e1zza mag\u00e1ban, hogy mik az elv\u00e1r\u00e1sai, \u00e9s sikeresen megtal\u00e1lja azt a szakorvost, aki sz\u00e1m\u00e1ra a legink\u00e1bb megfelel!<\/p>\n\n\n\n<div style=\"height:32px\" aria-hidden=\"true\" class=\"wp-block-spacer\"><\/div>\n","protected":false},"excerpt":{"rendered":"<p>Napjainkban m\u00e1r minden szakter\u00fcleten rengeteg szakembert lehet tal\u00e1lni, legyen sz\u00f3 jogi \u00fcgyint\u00e9z\u00e9sr\u0151l, m\u0171szaki cikkek jav\u00edt\u00e1s\u00e1r\u00f3l, vagy eg\u00e9szs\u00e9g\u00fcgyi szakell\u00e1t\u00e1sr\u00f3l. Emiatt nehezebb feladat kiv\u00e1lasztani a sz\u00e1munkra megfelel\u0151 szem\u00e9lyt, hiszen rengeteg inform\u00e1ci\u00f3 rendelkez\u00e9s\u00fcnkre \u00e1ll, \u00e9s id\u0151t kell r\u00e1ford\u00edtani, hogy a v\u00e1laszt\u00e1si lehet\u0151s\u00e9gek k\u00f6z\u00fcl megfelel\u0151 d\u00f6nt\u00e9st tudjunk hozni. Orvost, vagy seb\u00e9szt tal\u00e1lni r\u00e1ad\u00e1sul nagyobb feladat, hiszen&nbsp;fontos, hogy a szervezet\u00fcnkkel [&hellip;]<\/p>\n","protected":false},"author":1,"featured_media":1849,"comment_status":"open","ping_status":"open","sticky":false,"template":"","format":"standard","meta":{"_et_pb_use_builder":"off","_et_pb_old_content":"","_et_gb_content_width":"","footnotes":""},"categories":[6],"tags":[],"class_list":["post-1293","post","type-post","status-publish","format-standard","has-post-thumbnail","hentry","category-plasztikai-sebeszet-hu"],"yoast_head":"<!-- This site is optimized with the Yoast SEO plugin v26.8 - https:\/\/yoast.com\/product\/yoast-seo-wordpress\/ -->\n<title>Hogyan v\u00e1lasszak plasztikai seb\u00e9szt? - DrLBeauty Plasztika<\/title>\n<meta name=\"description\" content=\"Hogyan v\u00e1lasszak plasztikai seb\u00e9szt? Napjainkban m\u00e1r minden szakter\u00fcleten rengeteg szakembert lehet tal\u00e1lni, legyen sz\u00f3 jogi \u00fcgyint\u00e9z\u00e9sr\u0151l...\" \/>\n<meta name=\"robots\" content=\"index, follow, max-snippet:-1, max-image-preview:large, max-video-preview:-1\" \/>\n<link rel=\"canonical\" href=\"https:\/\/drlbeauty.com\/hu\/hogyan-valasszak-plasztikai-sebeszt\/\" \/>\n<meta property=\"og:locale\" content=\"hu_HU\" \/>\n<meta property=\"og:type\" content=\"article\" \/>\n<meta property=\"og:title\" content=\"Hogyan v\u00e1lasszak plasztikai seb\u00e9szt? - DrLBeauty Plasztika\" \/>\n<meta property=\"og:description\" content=\"Hogyan v\u00e1lasszak plasztikai seb\u00e9szt? Napjainkban m\u00e1r minden szakter\u00fcleten rengeteg szakembert lehet tal\u00e1lni, legyen sz\u00f3 jogi \u00fcgyint\u00e9z\u00e9sr\u0151l...\" \/>\n<meta property=\"og:url\" content=\"https:\/\/drlbeauty.com\/hu\/hogyan-valasszak-plasztikai-sebeszt\/\" \/>\n<meta property=\"og:site_name\" content=\"dr LBeauty Plasztikai Seb\u00e9szet\" \/>\n<meta property=\"article:published_time\" content=\"2022-03-03T15:08:34+00:00\" \/>\n<meta property=\"article:modified_time\" content=\"2023-08-03T09:03:17+00:00\" \/>\n<meta property=\"og:image\" content=\"https:\/\/drlbeauty.com\/hu\/wp-content\/uploads\/2022\/03\/hogyan-valasszak-plasztikai-sebeszt.jpg\" \/>\n\t<meta property=\"og:image:width\" content=\"800\" \/>\n\t<meta property=\"og:image:height\" content=\"600\" \/>\n\t<meta property=\"og:image:type\" content=\"image\/jpeg\" \/>\n<meta name=\"author\" content=\"Dr. L\u00e9vay Bernadett\" \/>\n<meta name=\"twitter:card\" content=\"summary_large_image\" \/>\n<meta name=\"twitter:label1\" content=\"Szerz\u0151:\" \/>\n\t<meta name=\"twitter:data1\" content=\"Dr. L\u00e9vay Bernadett\" \/>\n\t<meta name=\"twitter:label2\" content=\"Becs\u00fclt olvas\u00e1si id\u0151\" \/>\n\t<meta name=\"twitter:data2\" content=\"4 perc\" \/>\n<script type=\"application\/ld+json\" class=\"yoast-schema-graph\">{\"@context\":\"https:\/\/schema.org\",\"@graph\":[{\"@type\":\"Article\",\"@id\":\"https:\/\/drlbeauty.com\/hu\/hogyan-valasszak-plasztikai-sebeszt\/#article\",\"isPartOf\":{\"@id\":\"https:\/\/drlbeauty.com\/hu\/hogyan-valasszak-plasztikai-sebeszt\/\"},\"author\":{\"name\":\"Dr. L\u00e9vay Bernadett\",\"@id\":\"https:\/\/drlbeauty.com\/hu\/#\/schema\/person\/21f1e9bac1ad5d5c110e02de659b156c\"},\"headline\":\"Hogyan v\u00e1lasszak plasztikai seb\u00e9szt?\",\"datePublished\":\"2022-03-03T15:08:34+00:00\",\"dateModified\":\"2023-08-03T09:03:17+00:00\",\"mainEntityOfPage\":{\"@id\":\"https:\/\/drlbeauty.com\/hu\/hogyan-valasszak-plasztikai-sebeszt\/\"},\"wordCount\":932,\"commentCount\":0,\"publisher\":{\"@id\":\"https:\/\/drlbeauty.com\/hu\/#\/schema\/person\/21f1e9bac1ad5d5c110e02de659b156c\"},\"image\":{\"@id\":\"https:\/\/drlbeauty.com\/hu\/hogyan-valasszak-plasztikai-sebeszt\/#primaryimage\"},\"thumbnailUrl\":\"https:\/\/drlbeauty.com\/hu\/wp-content\/uploads\/2022\/03\/hogyan-valasszak-plasztikai-sebeszt.jpg\",\"articleSection\":[\"Plasztikai Seb\u00e9szet\"],\"inLanguage\":\"hu\",\"potentialAction\":[{\"@type\":\"CommentAction\",\"name\":\"Comment\",\"target\":[\"https:\/\/drlbeauty.com\/hu\/hogyan-valasszak-plasztikai-sebeszt\/#respond\"]}]},{\"@type\":\"WebPage\",\"@id\":\"https:\/\/drlbeauty.com\/hu\/hogyan-valasszak-plasztikai-sebeszt\/\",\"url\":\"https:\/\/drlbeauty.com\/hu\/hogyan-valasszak-plasztikai-sebeszt\/\",\"name\":\"Hogyan v\u00e1lasszak plasztikai seb\u00e9szt? - DrLBeauty Plasztika\",\"isPartOf\":{\"@id\":\"https:\/\/drlbeauty.com\/hu\/#website\"},\"primaryImageOfPage\":{\"@id\":\"https:\/\/drlbeauty.com\/hu\/hogyan-valasszak-plasztikai-sebeszt\/#primaryimage\"},\"image\":{\"@id\":\"https:\/\/drlbeauty.com\/hu\/hogyan-valasszak-plasztikai-sebeszt\/#primaryimage\"},\"thumbnailUrl\":\"https:\/\/drlbeauty.com\/hu\/wp-content\/uploads\/2022\/03\/hogyan-valasszak-plasztikai-sebeszt.jpg\",\"datePublished\":\"2022-03-03T15:08:34+00:00\",\"dateModified\":\"2023-08-03T09:03:17+00:00\",\"description\":\"Hogyan v\u00e1lasszak plasztikai seb\u00e9szt? Napjainkban m\u00e1r minden szakter\u00fcleten rengeteg szakembert lehet tal\u00e1lni, legyen sz\u00f3 jogi \u00fcgyint\u00e9z\u00e9sr\u0151l...\",\"breadcrumb\":{\"@id\":\"https:\/\/drlbeauty.com\/hu\/hogyan-valasszak-plasztikai-sebeszt\/#breadcrumb\"},\"inLanguage\":\"hu\",\"potentialAction\":[{\"@type\":\"ReadAction\",\"target\":[\"https:\/\/drlbeauty.com\/hu\/hogyan-valasszak-plasztikai-sebeszt\/\"]}]},{\"@type\":\"ImageObject\",\"inLanguage\":\"hu\",\"@id\":\"https:\/\/drlbeauty.com\/hu\/hogyan-valasszak-plasztikai-sebeszt\/#primaryimage\",\"url\":\"https:\/\/drlbeauty.com\/hu\/wp-content\/uploads\/2022\/03\/hogyan-valasszak-plasztikai-sebeszt.jpg\",\"contentUrl\":\"https:\/\/drlbeauty.com\/hu\/wp-content\/uploads\/2022\/03\/hogyan-valasszak-plasztikai-sebeszt.jpg\",\"width\":800,\"height\":600},{\"@type\":\"BreadcrumbList\",\"@id\":\"https:\/\/drlbeauty.com\/hu\/hogyan-valasszak-plasztikai-sebeszt\/#breadcrumb\",\"itemListElement\":[{\"@type\":\"ListItem\",\"position\":1,\"name\":\"Kezd\u0151lap\",\"item\":\"https:\/\/drlbeauty.com\/hu\/\"},{\"@type\":\"ListItem\",\"position\":2,\"name\":\"Hogyan v\u00e1lasszak plasztikai seb\u00e9szt?\"}]},{\"@type\":\"WebSite\",\"@id\":\"https:\/\/drlbeauty.com\/hu\/#website\",\"url\":\"https:\/\/drlbeauty.com\/hu\/\",\"name\":\"dr LBeauty Plasztikai Seb\u00e9szet\",\"description\":\"My WordPress Blog\",\"publisher\":{\"@id\":\"https:\/\/drlbeauty.com\/hu\/#\/schema\/person\/21f1e9bac1ad5d5c110e02de659b156c\"},\"potentialAction\":[{\"@type\":\"SearchAction\",\"target\":{\"@type\":\"EntryPoint\",\"urlTemplate\":\"https:\/\/drlbeauty.com\/hu\/?s={search_term_string}\"},\"query-input\":{\"@type\":\"PropertyValueSpecification\",\"valueRequired\":true,\"valueName\":\"search_term_string\"}}],\"inLanguage\":\"hu\"},{\"@type\":[\"Person\",\"Organization\"],\"@id\":\"https:\/\/drlbeauty.com\/hu\/#\/schema\/person\/21f1e9bac1ad5d5c110e02de659b156c\",\"name\":\"Dr. L\u00e9vay Bernadett\",\"image\":{\"@type\":\"ImageObject\",\"inLanguage\":\"hu\",\"@id\":\"https:\/\/drlbeauty.com\/hu\/#\/schema\/person\/image\/\",\"url\":\"https:\/\/drlbeauty.com\/hu\/wp-content\/uploads\/2022\/02\/cropped-drlbeauty-weblogo.png\",\"contentUrl\":\"https:\/\/drlbeauty.com\/hu\/wp-content\/uploads\/2022\/02\/cropped-drlbeauty-weblogo.png\",\"width\":512,\"height\":512,\"caption\":\"Dr. L\u00e9vay Bernadett\"},\"logo\":{\"@id\":\"https:\/\/drlbeauty.com\/hu\/#\/schema\/person\/image\/\"},\"sameAs\":[\"https:\/\/drlbeauty.com\/hu\"],\"url\":\"https:\/\/drlbeauty.com\/hu\/author\/levaybernadett\/\"}]}<\/script>\n<!-- \/ Yoast SEO plugin. -->","yoast_head_json":{"title":"Hogyan v\u00e1lasszak plasztikai seb\u00e9szt? - DrLBeauty Plasztika","description":"Hogyan v\u00e1lasszak plasztikai seb\u00e9szt? Napjainkban m\u00e1r minden szakter\u00fcleten rengeteg szakembert lehet tal\u00e1lni, legyen sz\u00f3 jogi \u00fcgyint\u00e9z\u00e9sr\u0151l...","robots":{"index":"index","follow":"follow","max-snippet":"max-snippet:-1","max-image-preview":"max-image-preview:large","max-video-preview":"max-video-preview:-1"},"canonical":"https:\/\/drlbeauty.com\/hu\/hogyan-valasszak-plasztikai-sebeszt\/","og_locale":"hu_HU","og_type":"article","og_title":"Hogyan v\u00e1lasszak plasztikai seb\u00e9szt? - DrLBeauty Plasztika","og_description":"Hogyan v\u00e1lasszak plasztikai seb\u00e9szt? Napjainkban m\u00e1r minden szakter\u00fcleten rengeteg szakembert lehet tal\u00e1lni, legyen sz\u00f3 jogi \u00fcgyint\u00e9z\u00e9sr\u0151l...","og_url":"https:\/\/drlbeauty.com\/hu\/hogyan-valasszak-plasztikai-sebeszt\/","og_site_name":"dr LBeauty Plasztikai Seb\u00e9szet","article_published_time":"2022-03-03T15:08:34+00:00","article_modified_time":"2023-08-03T09:03:17+00:00","og_image":[{"width":800,"height":600,"url":"https:\/\/drlbeauty.com\/hu\/wp-content\/uploads\/2022\/03\/hogyan-valasszak-plasztikai-sebeszt.jpg","type":"image\/jpeg"}],"author":"Dr. L\u00e9vay Bernadett","twitter_card":"summary_large_image","twitter_misc":{"Szerz\u0151:":"Dr. L\u00e9vay Bernadett","Becs\u00fclt olvas\u00e1si id\u0151":"4 perc"},"schema":{"@context":"https:\/\/schema.org","@graph":[{"@type":"Article","@id":"https:\/\/drlbeauty.com\/hu\/hogyan-valasszak-plasztikai-sebeszt\/#article","isPartOf":{"@id":"https:\/\/drlbeauty.com\/hu\/hogyan-valasszak-plasztikai-sebeszt\/"},"author":{"name":"Dr. L\u00e9vay Bernadett","@id":"https:\/\/drlbeauty.com\/hu\/#\/schema\/person\/21f1e9bac1ad5d5c110e02de659b156c"},"headline":"Hogyan v\u00e1lasszak plasztikai seb\u00e9szt?","datePublished":"2022-03-03T15:08:34+00:00","dateModified":"2023-08-03T09:03:17+00:00","mainEntityOfPage":{"@id":"https:\/\/drlbeauty.com\/hu\/hogyan-valasszak-plasztikai-sebeszt\/"},"wordCount":932,"commentCount":0,"publisher":{"@id":"https:\/\/drlbeauty.com\/hu\/#\/schema\/person\/21f1e9bac1ad5d5c110e02de659b156c"},"image":{"@id":"https:\/\/drlbeauty.com\/hu\/hogyan-valasszak-plasztikai-sebeszt\/#primaryimage"},"thumbnailUrl":"https:\/\/drlbeauty.com\/hu\/wp-content\/uploads\/2022\/03\/hogyan-valasszak-plasztikai-sebeszt.jpg","articleSection":["Plasztikai Seb\u00e9szet"],"inLanguage":"hu","potentialAction":[{"@type":"CommentAction","name":"Comment","target":["https:\/\/drlbeauty.com\/hu\/hogyan-valasszak-plasztikai-sebeszt\/#respond"]}]},{"@type":"WebPage","@id":"https:\/\/drlbeauty.com\/hu\/hogyan-valasszak-plasztikai-sebeszt\/","url":"https:\/\/drlbeauty.com\/hu\/hogyan-valasszak-plasztikai-sebeszt\/","name":"Hogyan v\u00e1lasszak plasztikai seb\u00e9szt? - DrLBeauty Plasztika","isPartOf":{"@id":"https:\/\/drlbeauty.com\/hu\/#website"},"primaryImageOfPage":{"@id":"https:\/\/drlbeauty.com\/hu\/hogyan-valasszak-plasztikai-sebeszt\/#primaryimage"},"image":{"@id":"https:\/\/drlbeauty.com\/hu\/hogyan-valasszak-plasztikai-sebeszt\/#primaryimage"},"thumbnailUrl":"https:\/\/drlbeauty.com\/hu\/wp-content\/uploads\/2022\/03\/hogyan-valasszak-plasztikai-sebeszt.jpg","datePublished":"2022-03-03T15:08:34+00:00","dateModified":"2023-08-03T09:03:17+00:00","description":"Hogyan v\u00e1lasszak plasztikai seb\u00e9szt? Napjainkban m\u00e1r minden szakter\u00fcleten rengeteg szakembert lehet tal\u00e1lni, legyen sz\u00f3 jogi \u00fcgyint\u00e9z\u00e9sr\u0151l...","breadcrumb":{"@id":"https:\/\/drlbeauty.com\/hu\/hogyan-valasszak-plasztikai-sebeszt\/#breadcrumb"},"inLanguage":"hu","potentialAction":[{"@type":"ReadAction","target":["https:\/\/drlbeauty.com\/hu\/hogyan-valasszak-plasztikai-sebeszt\/"]}]},{"@type":"ImageObject","inLanguage":"hu","@id":"https:\/\/drlbeauty.com\/hu\/hogyan-valasszak-plasztikai-sebeszt\/#primaryimage","url":"https:\/\/drlbeauty.com\/hu\/wp-content\/uploads\/2022\/03\/hogyan-valasszak-plasztikai-sebeszt.jpg","contentUrl":"https:\/\/drlbeauty.com\/hu\/wp-content\/uploads\/2022\/03\/hogyan-valasszak-plasztikai-sebeszt.jpg","width":800,"height":600},{"@type":"BreadcrumbList","@id":"https:\/\/drlbeauty.com\/hu\/hogyan-valasszak-plasztikai-sebeszt\/#breadcrumb","itemListElement":[{"@type":"ListItem","position":1,"name":"Kezd\u0151lap","item":"https:\/\/drlbeauty.com\/hu\/"},{"@type":"ListItem","position":2,"name":"Hogyan v\u00e1lasszak plasztikai seb\u00e9szt?"}]},{"@type":"WebSite","@id":"https:\/\/drlbeauty.com\/hu\/#website","url":"https:\/\/drlbeauty.com\/hu\/","name":"dr LBeauty Plasztikai Seb\u00e9szet","description":"My WordPress Blog","publisher":{"@id":"https:\/\/drlbeauty.com\/hu\/#\/schema\/person\/21f1e9bac1ad5d5c110e02de659b156c"},"potentialAction":[{"@type":"SearchAction","target":{"@type":"EntryPoint","urlTemplate":"https:\/\/drlbeauty.com\/hu\/?s={search_term_string}"},"query-input":{"@type":"PropertyValueSpecification","valueRequired":true,"valueName":"search_term_string"}}],"inLanguage":"hu"},{"@type":["Person","Organization"],"@id":"https:\/\/drlbeauty.com\/hu\/#\/schema\/person\/21f1e9bac1ad5d5c110e02de659b156c","name":"Dr. L\u00e9vay Bernadett","image":{"@type":"ImageObject","inLanguage":"hu","@id":"https:\/\/drlbeauty.com\/hu\/#\/schema\/person\/image\/","url":"https:\/\/drlbeauty.com\/hu\/wp-content\/uploads\/2022\/02\/cropped-drlbeauty-weblogo.png","contentUrl":"https:\/\/drlbeauty.com\/hu\/wp-content\/uploads\/2022\/02\/cropped-drlbeauty-weblogo.png","width":512,"height":512,"caption":"Dr. L\u00e9vay Bernadett"},"logo":{"@id":"https:\/\/drlbeauty.com\/hu\/#\/schema\/person\/image\/"},"sameAs":["https:\/\/drlbeauty.com\/hu"],"url":"https:\/\/drlbeauty.com\/hu\/author\/levaybernadett\/"}]}},"_links":{"self":[{"href":"https:\/\/drlbeauty.com\/hu\/wp-json\/wp\/v2\/posts\/1293","targetHints":{"allow":["GET"]}}],"collection":[{"href":"https:\/\/drlbeauty.com\/hu\/wp-json\/wp\/v2\/posts"}],"about":[{"href":"https:\/\/drlbeauty.com\/hu\/wp-json\/wp\/v2\/types\/post"}],"author":[{"embeddable":true,"href":"https:\/\/drlbeauty.com\/hu\/wp-json\/wp\/v2\/users\/1"}],"replies":[{"embeddable":true,"href":"https:\/\/drlbeauty.com\/hu\/wp-json\/wp\/v2\/comments?post=1293"}],"version-history":[{"count":3,"href":"https:\/\/drlbeauty.com\/hu\/wp-json\/wp\/v2\/posts\/1293\/revisions"}],"predecessor-version":[{"id":2844,"href":"https:\/\/drlbeauty.com\/hu\/wp-json\/wp\/v2\/posts\/1293\/revisions\/2844"}],"wp:featuredmedia":[{"embeddable":true,"href":"https:\/\/drlbeauty.com\/hu\/wp-json\/wp\/v2\/media\/1849"}],"wp:attachment":[{"href":"https:\/\/drlbeauty.com\/hu\/wp-json\/wp\/v2\/media?parent=1293"}],"wp:term":[{"taxonomy":"category","embeddable":true,"href":"https:\/\/drlbeauty.com\/hu\/wp-json\/wp\/v2\/categories?post=1293"},{"taxonomy":"post_tag","embeddable":true,"href":"https:\/\/drlbeauty.com\/hu\/wp-json\/wp\/v2\/tags?post=1293"}],"curies":[{"name":"wp","href":"https:\/\/api.w.org\/{rel}","templated":true}]}}