{"id":1329,"date":"2022-03-04T10:56:16","date_gmt":"2022-03-04T10:56:16","guid":{"rendered":"https:\/\/teszt.drlbeauty.com\/hu\/?p=1329"},"modified":"2024-04-07T14:49:20","modified_gmt":"2024-04-07T14:49:20","slug":"eletmodvaltas-miert-ajanlott-mar-a-plasztikai-sebeszeti-beavatkozas-elott-belevagni","status":"publish","type":"post","link":"https:\/\/drlbeauty.com\/hu\/eletmodvaltas-miert-ajanlott-mar-a-plasztikai-sebeszeti-beavatkozas-elott-belevagni\/","title":{"rendered":"\u00c9letm\u00f3dv\u00e1lt\u00e1s: mi\u00e9rt aj\u00e1nlott m\u00e1r a plasztikai seb\u00e9szeti beavatkoz\u00e1s el\u0151tt belev\u00e1gni?"},"content":{"rendered":"\n<div style=\"height:31px\" aria-hidden=\"true\" class=\"wp-block-spacer\"><\/div>\n\n\n\n<h2 class=\"wp-block-heading\">\u00c9letm\u00f3dv\u00e1lt\u00e1s: mi\u00e9rt aj\u00e1nlott m\u00e1r a plasztikai seb\u00e9szeti beavatkoz\u00e1s el\u0151tt belev\u00e1gni?<\/h2>\n\n\n\n<h3 class=\"wp-block-heading\">Mindannyian j\u00f3l tudjuk a lelk\u00fcnk m\u00e9ly\u00e9n, hogy ebben a rohan\u00f3 vil\u00e1gban gyakran a saj\u00e1t eg\u00e9szs\u00e9g\u00fcnkre ford\u00edtjuk&nbsp;a legkevesebb energi\u00e1t. \u00cdgy az \u00e1h\u00edtott eredm\u00e9nyek is el-elmaradnak. Ha val\u00f3s \u00e9letmin\u0151s\u00e9g-javul\u00e1st szeretn\u00e9nk, akkor&nbsp;<strong>magunknak is tenn\u00fcnk kell az eg\u00e9szs\u00e9g\u00fcnk\u00e9rt<\/strong>&nbsp;\u00e9s a csinosabb k\u00fcls\u0151nk\u00e9rt.<\/h3>\n\n\n\n<div style=\"height:25px\" aria-hidden=\"true\" class=\"wp-block-spacer\"><\/div>\n\n\n\n<p>Nem \u00e1rt, ha&nbsp;<strong>a k\u00edv\u00e1nt testk\u00e9p kialak\u00edt\u00e1s\u00e1t megt\u00e1mogatja a plasztikai seb\u00e9sz szakember<\/strong>&nbsp;is, hiszen p\u00e9ld\u00e1ul saj\u00e1t er\u0151b\u0151l k\u00e9ptelens\u00e9g \u00fagy leadni rengeteg felesleget, hogy a mell\u00fcnk ut\u00e1na ne l\u00f3gjon, \u00e9s m\u00e9ret\u00e9t is megtartsa. Az id\u0151 el\u0151rehaladt\u00e1val pedig m\u00e1r az eg\u00e9szs\u00e9get \u00e9s a fiatalos k\u00fcls\u0151t egyszerre fenntartani egyed\u00fcl m\u00e9g nagyobb kih\u00edv\u00e1ss\u00e1 v\u00e1lik.<\/p>\n\n\n\n<p>Az is fontos volna, hogy ezzel egy id\u0151ben szem el\u0151tt tartsuk az eg\u00e9szs\u00e9g\u00fcnket. Sajnos a mai mozg\u00e1st n\u00e9lk\u00fcl\u00f6z\u0151, sokat \u00e9jszak\u00e1z\u00f3, stresszel\u0151 \u00e9s t\u00falzott t\u00e1panyag-bevitelt prefer\u00e1l\u00f3 t\u00e1rsadalmunkban&nbsp;<strong>viszonylag fiatalon elkezd az emberi szervezet le\u00e9p\u00fclni<\/strong>. Rengetegen k\u00fczdenek h\u00e1t-, em\u00e9szt\u00e9si probl\u00e9m\u00e1kkal,magas v\u00e9rnyom\u00e1ssal, cukorbetegs\u00e9ggel, t\u00fals\u00fallyal,&nbsp; m\u00e9g t\u00f6bben depresszi\u00f3sak, vagy rossznak \u00edt\u00e9lik meg az \u00e1ltal\u00e1nos k\u00f6z\u00e9rzet\u00fcket.&nbsp;<strong>Sz\u00e1mtalan fizikai \u00e9s ment\u00e1lis probl\u00e9ma fakad az eg\u00e9szs\u00e9gtelen \u00e9letm\u00f3db\u00f3l<\/strong>! Ne gondoljuk, hogy a rossz k\u00f6z\u00e9rzet csup\u00e1n csak abb\u00f3l fakad, hogy el\u00e9gedetlenek az emberek k\u00fclsej\u00fckkel, ennek a h\u00e1tter\u00e9ben nagyr\u00e9szt a nem kiel\u00e9g\u00edt\u0151 fizikai, teh\u00e1t szervi, hormon\u00e1lis, kering\u00e9si stb. folyamatok m\u0171k\u00f6d\u00e9se \u00e1ll! A mozg\u00e1sszeg\u00e9ny \u00e9letm\u00f3d sok s\u00falyos betegs\u00e9g h\u00e1tter\u00e9ben \u00e1ll, statisztik\u00e1val igazolt, hogy aki rendszeresen mozog,&nbsp;kisebb az es\u00e9lye r\u00e1kos betegs\u00e9gre, cukorbetegs\u00e9gre, magas v\u00e9rnyom\u00e1sbetegs\u00e9gre, teh\u00e1t : vigy\u00e1zz, k\u00e9sz, rajt!!!<\/p>\n\n\n\n<div style=\"height:26px\" aria-hidden=\"true\" class=\"wp-block-spacer\"><\/div>\n\n\n\n<figure class=\"wp-block-image aligncenter size-full is-resized\"><img loading=\"lazy\" decoding=\"async\" src=\"https:\/\/drlbeauty.com\/hu\/wp-content\/uploads\/2022\/03\/cikk_eletmodvaltas.jpg\" alt=\"\" class=\"wp-image-1331\" width=\"499\" height=\"332\" srcset=\"https:\/\/drlbeauty.com\/hu\/wp-content\/uploads\/2022\/03\/cikk_eletmodvaltas.jpg 499w, https:\/\/drlbeauty.com\/hu\/wp-content\/uploads\/2022\/03\/cikk_eletmodvaltas-480x320.jpg 480w\" sizes=\"(min-width: 0px) and (max-width: 480px) 480px, (min-width: 481px) 499px, 100vw\" \/><\/figure>\n\n\n\n<div style=\"height:21px\" aria-hidden=\"true\" class=\"wp-block-spacer\"><\/div>\n\n\n\n<h3 class=\"wp-block-heading\">Hogyan k\u00e9pzelj\u00fck el ezt az \u00e9letm\u00f3dv\u00e1lt\u00e1st, mit aj\u00e1nlunk?<\/h3>\n\n\n\n<p>T\u00f6bb cikk\u00fcnkben olvashatt\u00e1tok m\u00e1r hasonl\u00f3 gondolatainkat. P\u00e9ld\u00e1ul a sz\u00fcl\u00e9s ut\u00e1ni hasplasztik\u00e1r\u00f3l sz\u00f3l\u00f3 cikk\u00fcnkben is aj\u00e1nljuk, hogy \u201eA m\u0171t\u00e9tet legkor\u00e1bban akkor javasoljuk, ha a k\u00edv\u00e1nt s\u00falyt el\u00e9rte az anyuka, \u00e9s nem szeretne m\u00e1r tov\u00e1bb fogyni, \u00e9s ezt az \u00e1llapotot legal\u00e1bb f\u00e9l-, egy \u00e9vig tart\u00f3san fent is tudta tartani.\u201e Teh\u00e1t ide\u00e1lis esetben mikor elhat\u00e1rozzuk, hogy v\u00e1ltoztatni kell, akkor&nbsp;<strong>m\u00e9g a plasztikai seb\u00e9szeti beavatkoz\u00e1s el\u0151tt v\u00e1gjunk bele az \u00e9letm\u00f3dv\u00e1lt\u00e1sba<\/strong>! Pr\u00f3b\u00e1ljunk el\u00e9rni egy olyan eredm\u00e9nyt, egy olyan s\u00falyfelesleg lead\u00e1st, amelyet t\u00falz\u00e1sok \u00e9s csodam\u00f3dszerek n\u00e9lk\u00fcl, de a t\u0151l\u00fcnk telhet\u0151 legjobb k\u00e9pess\u00e9g\u00fcnk szerint el tudunk \u00e9rni, s\u0151t tartani is tudunk! A c\u00e9l, hogy egy&nbsp;<strong>olyan eredm\u00e9nyt t\u0171zz\u00fcnk ki, amely re\u00e1lis<\/strong>, de nem t\u00fal megenged\u0151, \u00e9s melyet \u00e9letvitel-szer\u0171en fent tudunk tartani. Ennek kit\u0171z\u00e9s\u00e9hez \u00e9s el\u00e9r\u00e9s\u00e9hez k\u00e9rhetj\u00fck olyan szakemberek seg\u00edts\u00e9g\u00e9t is, mint t\u00e1pl\u00e1lkoz\u00e1si tan\u00e1csad\u00f3k, szem\u00e9lyi edz\u0151k, vagy ak\u00e1r sportklubok, nem kell egyed\u00fcl megv\u00e1ltanunk a vil\u00e1got \u00e9s az internetr\u0151l k\u00e9pezni magunkat.<\/p>\n\n\n\n<h4 class=\"wp-block-heading\">A teljess\u00e9g ig\u00e9nye n\u00e9lk\u00fcl mi is \u00f6sszeszedt\u00fcnk n\u00e9h\u00e1ny aj\u00e1nl\u00e1st a kezd\u00e9shez:<\/h4>\n\n\n\n<ol class=\"wp-block-list\">\n<li><strong>Sportolj saj\u00e1t kedved szerint<\/strong>. V\u00e1lassz olyan sportot, amelyet t\u00e9nyleg sz\u00edvesen v\u00e9gzel, s\u0151t \u00f6r\u00f6m\u00f6det leled benne, ne olyat, amely a legt\u00f6bb\/leggyorsabb\/leghat\u00e9konyabb fogy\u00e1st \u00edg\u00e9ri, mert ha ez nem illik hozz\u00e1d, hamarabb megut\u00e1lhatod, minthogy az els\u0151 eredm\u00e9nyek meghozz\u00e1k a lelkesed\u00e9sedet. Ha mindig is szeretted a vizet, akkor kezdj el \u00faszni, ha a term\u00e9szet rajong\u00f3ja vagy, el\u0151sz\u00f6r j\u00e1rj el t\u00far\u00e1zni, k\u00e9s\u0151bb pedig terepfutni! Sokaknak az jelenti a sz\u00f3rakoz\u00e1st a sportban, ha csapatj\u00e1t\u00e9kokat j\u00e1tszhatnak, \u00edgy focizhatsz, k\u00e9zilabd\u00e1zhatsz, vagy ak\u00e1r g\u00f6rhokizhatsz is! Fontos a fokozatoss\u00e1g is, teh\u00e1t ak\u00e1r kezdhetsz ker\u00e9kp\u00e1roz\u00e1ssal is, \u00e9s ha a kond\u00edci\u00f3d k\u00e9s\u0151bb megengedi, akkor v\u00e1lthatsz, vagy elkezdhetsz egy m\u00e1sik sportot is, amely egyre jobban ig\u00e9nybe veszi a fizikumodat, \u00edgy egyre l\u00e1tv\u00e1nyosabbak lesznek az eredm\u00e9nyek, te pedig l\u00e9pcs\u0151zetesen pr\u00f3b\u00e1lgathatod a saj\u00e1t hat\u00e1raid feszeget\u00e9s\u00e9t.<\/li>\n\n\n\n<li>Az \u00e9letm\u00f3d v\u00e1lt\u00e1s nem csup\u00e1n az eredm\u00e9ny el\u00e9r\u00e9s\u00e9ig tart, hanem annak fenntart\u00e1s\u00e1ra is koncentr\u00e1l, \u00edgy ezt ne tekints\u00fck egy f\u00e9l \u00e9ves- \u00e9ves projektnek, hanem&nbsp;<strong>v\u00e1ljon mindennapos szok\u00e1ss\u00e1, rutinn\u00e1<\/strong>! Higgy\u00fck el, hogy ha belev\u00e1gunk, \u00e9s j\u00f3l csin\u00e1ljuk, egyszer\u0171en&nbsp;<strong>mag\u00e1ba szippant az \u00faj \u00e9letm\u00f3dunk szerezte \u00f6r\u00f6m\u00f6k, \u00e9lm\u00e9nyek, eredm\u00e9nyek, \u00faj bar\u00e1tok \u00e9s k\u00f6z\u00f6ss\u00e9gek felt\u00e1rulkoz\u00f3 \u00faj vil\u00e1ga<\/strong>!<\/li>\n\n\n\n<li>Ne d\u0151lj\u00fcnk be a helyett\u00fcnk dolgoz\u00f3 zs\u00edr\u00e9get\u0151 csodaszereknek, \u00e9s vibr\u00e1l\u00f3s, TV n\u00e9z\u00e9s k\u00f6zben elektromos \u00e1rammal stimul\u00e1l\u00f3s stb. k\u00fcty\u00fcknek. Fogadjuk el, hogy csak akkor lesz\u00fcnk eg\u00e9szs\u00e9gesek \u00e9s boldogok, ha nem azonnali eredm\u00e9nyt szeretn\u00e9nk (mert \u00e1ltal\u00e1ban m\u00e1r tegnap el\u0151ttre kellene, de maximum m\u00e1r holnap, k\u00fcl\u00f6nben bele sem kezd\u00fcnk), \u00e9s ha magunk dolgozunk meg \u00e9rte. \u00cdgy tanuljuk meg \u00e9rt\u00e9kelni minden el\u00e9rt sikert, \u00e9s k\u00f6nnyebben szinten is tudjuk tartani azt, hiszen tudjuk, hogy mennyi munk\u00e1nk volt az el\u00e9r\u00e9s\u00e9ben. Emellett nem utols\u00f3 sorban nagym\u00e9rt\u00e9kben&nbsp;<strong>javulni fog \u00f6nbecs\u00fcl\u00e9s\u00fcnk, \u00e9s az \u00f6nmagunkba vetett hit\u00fcnk<\/strong>, \u00edgy kiegyens\u00falyozottabbak is lesz\u00fcnk!<\/li>\n\n\n\n<li><strong>Az \u00e9tkez\u00e9s is r\u00e9sz\u00e9t k\u00e9pezi a v\u00e1ltoz\u00e1snak!<\/strong>&nbsp;Fontos, hogy hagyjuk el a finom\u00edtott cukrokat, figyelj\u00fck meg, hogy mi terheli meg az em\u00e9szt\u00e9s\u00fcnket, \u00e9s azt cser\u00e9lj\u00fck ki egy helyettes\u00edt\u0151 \u00e9tellel. Egy\u00fcnk v\u00e1ltozatosan, hiszen minden vitaminra, \u00e1sv\u00e1nyi anyagra, feh\u00e9rj\u00e9re &#8211; \u00e9s m\u00e9g hosszasan sorolhatn\u00e1nk &#8211; sz\u00fcks\u00e9ge van a szervezet\u00fcnknek, ne vonjuk meg t\u0151le, mert felborul az egyens\u00faly, \u00e9s csak k\u00e1rt okozunk magunknak! Besz\u00e9lj\u00fcnk dietetikussal, vagy m\u00e1s t\u00e1pl\u00e1lkoz\u00e1si tan\u00e1csad\u00f3val, hogy a r\u00e1nk szabott, legjobb szem\u00e9lyes megold\u00e1st alkalmazzuk a mindennapokban.<\/li>\n<\/ol>\n\n\n\n<div style=\"height:33px\" aria-hidden=\"true\" class=\"wp-block-spacer\"><\/div>\n\n\n\n<h3 class=\"wp-block-heading\">Mi t\u00f6rt\u00e9njen a plasztikai seb\u00e9szeti beavatkoz\u00e1s ut\u00e1n?<\/h3>\n\n\n\n<p>Ha el\u00e9rt\u00fck a k\u00edv\u00e1nt hat\u00e1st, \u00e9s a plasztikai seb\u00e9sz is hozz\u00e1j\u00e1rult munk\u00e1j\u00e1val test\u00fcnk \u00f6sszk\u00e9p\u00e9nek kialak\u00edt\u00e1s\u00e1hoz, akkor vajon h\u00e1trad\u0151lhet\u00fcnk-e el\u00e9gedetten? Igen, engedj\u00fck meg magunknak, hogy el\u00e9gedettek legy\u00fcnk magunkkal, \u00e9s nem, nem d\u0151lhet\u00fcnk h\u00e1tra. Ugyanis egy zs\u00edrlesz\u00edv\u00e1st, vagy&nbsp;<strong>hasplasztik\u00e1t k\u00f6vet\u0151en, ha visszat\u00e9r\u00fcnk az eg\u00e9szs\u00e9gtelen \u00e9letm\u00f3dhoz, a s\u00falyfelesleg ugyan\u00fagy vissza fog j\u00f6nni test\u00fcnkre, \u00e9s ak\u00e1r az egy\u00fcttes munka eredm\u00e9nye is f\u00fcstbe sz\u00e1llhat<\/strong>. Ahhoz hogy konzerv\u00e1ljuk gy\u00f6ny\u00f6r\u0171v\u00e9 form\u00e1lt test\u00fcnket, tov\u00e1bbi munk\u00e1t kell belefektetn\u00fcnk k\u00fcls\u0151nkbe. Eddigre m\u00e1r j\u00f3 esetben ez nem jelent sem k\u00fcl\u00f6n\u00f6sebb er\u0151fesz\u00edt\u00e9st, sem \u00e1ldozatot, hiszen ha m\u00e1r \u00e9letform\u00e1v\u00e1 v\u00e1ltoztattuk, akkor csak a napi rutint kell tov\u00e1bb vinn\u00fcnk. Persze ne feledkezz\u00fcnk meg a plasztikai seb\u00e9sz aj\u00e1nl\u00e1s\u00e1r\u00f3l, miszerint a beavatkoz\u00e1st k\u00f6vet\u0151 id\u0151szakban egy darabig nem aj\u00e1nlott a fokozott fizikai terhel\u00e9s, teh\u00e1t egy kisebb kies\u00e9ssel kalkul\u00e1lnunk kell, de ut\u00e1na sz\u00e9pen, fokozatosan vissza tudjuk szoktatni szervezet\u00fcnket.<\/p>\n\n\n\n<div style=\"height:43px\" aria-hidden=\"true\" class=\"wp-block-spacer\"><\/div>\n","protected":false},"excerpt":{"rendered":"<p>\u00c9letm\u00f3dv\u00e1lt\u00e1s: mi\u00e9rt aj\u00e1nlott m\u00e1r a plasztikai seb\u00e9szeti beavatkoz\u00e1s el\u0151tt belev\u00e1gni? Mindannyian j\u00f3l tudjuk a lelk\u00fcnk m\u00e9ly\u00e9n, hogy ebben a rohan\u00f3 vil\u00e1gban gyakran a saj\u00e1t eg\u00e9szs\u00e9g\u00fcnkre ford\u00edtjuk&nbsp;a legkevesebb energi\u00e1t. \u00cdgy az \u00e1h\u00edtott eredm\u00e9nyek is el-elmaradnak. Ha val\u00f3s \u00e9letmin\u0151s\u00e9g-javul\u00e1st szeretn\u00e9nk, akkor&nbsp;magunknak is tenn\u00fcnk kell az eg\u00e9szs\u00e9g\u00fcnk\u00e9rt&nbsp;\u00e9s a csinosabb k\u00fcls\u0151nk\u00e9rt. Nem \u00e1rt, ha&nbsp;a k\u00edv\u00e1nt testk\u00e9p kialak\u00edt\u00e1s\u00e1t megt\u00e1mogatja a [&hellip;]<\/p>\n","protected":false},"author":1,"featured_media":1860,"comment_status":"open","ping_status":"open","sticky":false,"template":"","format":"standard","meta":{"_et_pb_use_builder":"off","_et_pb_old_content":"","_et_gb_content_width":"","footnotes":""},"categories":[10],"tags":[],"class_list":["post-1329","post","type-post","status-publish","format-standard","has-post-thumbnail","hentry","category-eletmod-hu"],"yoast_head":"<!-- This site is optimized with the Yoast SEO plugin v26.8 - https:\/\/yoast.com\/product\/yoast-seo-wordpress\/ -->\n<title>\u00c9letm\u00f3dv\u00e1lt\u00e1s - DrLBeauty Plasztikai Seb\u00e9szet Budapest<\/title>\n<meta name=\"description\" content=\"\u00c9letm\u00f3dv\u00e1lt\u00e1s: mi\u00e9rt aj\u00e1nlott m\u00e1r a plasztikai seb\u00e9szeti beavatkoz\u00e1s el\u0151tt belev\u00e1gni? Mindannyian j\u00f3l tudjuk a lelk\u00fcnk m\u00e9ly\u00e9n, hogy ebben....\" \/>\n<meta name=\"robots\" content=\"index, follow, max-snippet:-1, max-image-preview:large, max-video-preview:-1\" \/>\n<link rel=\"canonical\" href=\"https:\/\/drlbeauty.com\/hu\/eletmodvaltas-miert-ajanlott-mar-a-plasztikai-sebeszeti-beavatkozas-elott-belevagni\/\" \/>\n<meta property=\"og:locale\" content=\"hu_HU\" \/>\n<meta property=\"og:type\" content=\"article\" \/>\n<meta property=\"og:title\" content=\"\u00c9letm\u00f3dv\u00e1lt\u00e1s - DrLBeauty Plasztikai Seb\u00e9szet Budapest\" \/>\n<meta property=\"og:description\" content=\"\u00c9letm\u00f3dv\u00e1lt\u00e1s: mi\u00e9rt aj\u00e1nlott m\u00e1r a plasztikai seb\u00e9szeti beavatkoz\u00e1s el\u0151tt belev\u00e1gni? Mindannyian j\u00f3l tudjuk a lelk\u00fcnk m\u00e9ly\u00e9n, hogy ebben....\" \/>\n<meta property=\"og:url\" content=\"https:\/\/drlbeauty.com\/hu\/eletmodvaltas-miert-ajanlott-mar-a-plasztikai-sebeszeti-beavatkozas-elott-belevagni\/\" \/>\n<meta property=\"og:site_name\" content=\"dr LBeauty Plasztikai Seb\u00e9szet\" \/>\n<meta property=\"article:published_time\" content=\"2022-03-04T10:56:16+00:00\" \/>\n<meta property=\"article:modified_time\" content=\"2024-04-07T14:49:20+00:00\" \/>\n<meta property=\"og:image\" content=\"https:\/\/drlbeauty.com\/hu\/wp-content\/uploads\/2022\/03\/eletmodvaltas2.jpg\" \/>\n\t<meta property=\"og:image:width\" content=\"800\" \/>\n\t<meta property=\"og:image:height\" content=\"600\" \/>\n\t<meta property=\"og:image:type\" content=\"image\/jpeg\" \/>\n<meta name=\"author\" content=\"Dr. L\u00e9vay Bernadett\" \/>\n<meta name=\"twitter:card\" content=\"summary_large_image\" \/>\n<meta name=\"twitter:label1\" content=\"Szerz\u0151:\" \/>\n\t<meta name=\"twitter:data1\" content=\"Dr. L\u00e9vay Bernadett\" \/>\n\t<meta name=\"twitter:label2\" content=\"Becs\u00fclt olvas\u00e1si id\u0151\" \/>\n\t<meta name=\"twitter:data2\" content=\"6 perc\" \/>\n<script type=\"application\/ld+json\" class=\"yoast-schema-graph\">{\"@context\":\"https:\/\/schema.org\",\"@graph\":[{\"@type\":\"Article\",\"@id\":\"https:\/\/drlbeauty.com\/hu\/eletmodvaltas-miert-ajanlott-mar-a-plasztikai-sebeszeti-beavatkozas-elott-belevagni\/#article\",\"isPartOf\":{\"@id\":\"https:\/\/drlbeauty.com\/hu\/eletmodvaltas-miert-ajanlott-mar-a-plasztikai-sebeszeti-beavatkozas-elott-belevagni\/\"},\"author\":{\"name\":\"Dr. L\u00e9vay Bernadett\",\"@id\":\"https:\/\/drlbeauty.com\/hu\/#\/schema\/person\/21f1e9bac1ad5d5c110e02de659b156c\"},\"headline\":\"\u00c9letm\u00f3dv\u00e1lt\u00e1s: mi\u00e9rt aj\u00e1nlott m\u00e1r a plasztikai seb\u00e9szeti beavatkoz\u00e1s el\u0151tt belev\u00e1gni?\",\"datePublished\":\"2022-03-04T10:56:16+00:00\",\"dateModified\":\"2024-04-07T14:49:20+00:00\",\"mainEntityOfPage\":{\"@id\":\"https:\/\/drlbeauty.com\/hu\/eletmodvaltas-miert-ajanlott-mar-a-plasztikai-sebeszeti-beavatkozas-elott-belevagni\/\"},\"wordCount\":1403,\"commentCount\":0,\"publisher\":{\"@id\":\"https:\/\/drlbeauty.com\/hu\/#\/schema\/person\/21f1e9bac1ad5d5c110e02de659b156c\"},\"image\":{\"@id\":\"https:\/\/drlbeauty.com\/hu\/eletmodvaltas-miert-ajanlott-mar-a-plasztikai-sebeszeti-beavatkozas-elott-belevagni\/#primaryimage\"},\"thumbnailUrl\":\"https:\/\/drlbeauty.com\/hu\/wp-content\/uploads\/2022\/03\/eletmodvaltas2.jpg\",\"articleSection\":[\"\u00c9letm\u00f3d\"],\"inLanguage\":\"hu\",\"potentialAction\":[{\"@type\":\"CommentAction\",\"name\":\"Comment\",\"target\":[\"https:\/\/drlbeauty.com\/hu\/eletmodvaltas-miert-ajanlott-mar-a-plasztikai-sebeszeti-beavatkozas-elott-belevagni\/#respond\"]}]},{\"@type\":\"WebPage\",\"@id\":\"https:\/\/drlbeauty.com\/hu\/eletmodvaltas-miert-ajanlott-mar-a-plasztikai-sebeszeti-beavatkozas-elott-belevagni\/\",\"url\":\"https:\/\/drlbeauty.com\/hu\/eletmodvaltas-miert-ajanlott-mar-a-plasztikai-sebeszeti-beavatkozas-elott-belevagni\/\",\"name\":\"\u00c9letm\u00f3dv\u00e1lt\u00e1s - DrLBeauty Plasztikai Seb\u00e9szet Budapest\",\"isPartOf\":{\"@id\":\"https:\/\/drlbeauty.com\/hu\/#website\"},\"primaryImageOfPage\":{\"@id\":\"https:\/\/drlbeauty.com\/hu\/eletmodvaltas-miert-ajanlott-mar-a-plasztikai-sebeszeti-beavatkozas-elott-belevagni\/#primaryimage\"},\"image\":{\"@id\":\"https:\/\/drlbeauty.com\/hu\/eletmodvaltas-miert-ajanlott-mar-a-plasztikai-sebeszeti-beavatkozas-elott-belevagni\/#primaryimage\"},\"thumbnailUrl\":\"https:\/\/drlbeauty.com\/hu\/wp-content\/uploads\/2022\/03\/eletmodvaltas2.jpg\",\"datePublished\":\"2022-03-04T10:56:16+00:00\",\"dateModified\":\"2024-04-07T14:49:20+00:00\",\"description\":\"\u00c9letm\u00f3dv\u00e1lt\u00e1s: mi\u00e9rt aj\u00e1nlott m\u00e1r a plasztikai seb\u00e9szeti beavatkoz\u00e1s el\u0151tt belev\u00e1gni? Mindannyian j\u00f3l tudjuk a lelk\u00fcnk m\u00e9ly\u00e9n, hogy ebben....\",\"breadcrumb\":{\"@id\":\"https:\/\/drlbeauty.com\/hu\/eletmodvaltas-miert-ajanlott-mar-a-plasztikai-sebeszeti-beavatkozas-elott-belevagni\/#breadcrumb\"},\"inLanguage\":\"hu\",\"potentialAction\":[{\"@type\":\"ReadAction\",\"target\":[\"https:\/\/drlbeauty.com\/hu\/eletmodvaltas-miert-ajanlott-mar-a-plasztikai-sebeszeti-beavatkozas-elott-belevagni\/\"]}]},{\"@type\":\"ImageObject\",\"inLanguage\":\"hu\",\"@id\":\"https:\/\/drlbeauty.com\/hu\/eletmodvaltas-miert-ajanlott-mar-a-plasztikai-sebeszeti-beavatkozas-elott-belevagni\/#primaryimage\",\"url\":\"https:\/\/drlbeauty.com\/hu\/wp-content\/uploads\/2022\/03\/eletmodvaltas2.jpg\",\"contentUrl\":\"https:\/\/drlbeauty.com\/hu\/wp-content\/uploads\/2022\/03\/eletmodvaltas2.jpg\",\"width\":800,\"height\":600,\"caption\":\"Cikkek\"},{\"@type\":\"BreadcrumbList\",\"@id\":\"https:\/\/drlbeauty.com\/hu\/eletmodvaltas-miert-ajanlott-mar-a-plasztikai-sebeszeti-beavatkozas-elott-belevagni\/#breadcrumb\",\"itemListElement\":[{\"@type\":\"ListItem\",\"position\":1,\"name\":\"Kezd\u0151lap\",\"item\":\"https:\/\/drlbeauty.com\/hu\/\"},{\"@type\":\"ListItem\",\"position\":2,\"name\":\"\u00c9letm\u00f3dv\u00e1lt\u00e1s: mi\u00e9rt aj\u00e1nlott m\u00e1r a plasztikai seb\u00e9szeti beavatkoz\u00e1s el\u0151tt belev\u00e1gni?\"}]},{\"@type\":\"WebSite\",\"@id\":\"https:\/\/drlbeauty.com\/hu\/#website\",\"url\":\"https:\/\/drlbeauty.com\/hu\/\",\"name\":\"dr LBeauty Plasztikai Seb\u00e9szet\",\"description\":\"My WordPress Blog\",\"publisher\":{\"@id\":\"https:\/\/drlbeauty.com\/hu\/#\/schema\/person\/21f1e9bac1ad5d5c110e02de659b156c\"},\"potentialAction\":[{\"@type\":\"SearchAction\",\"target\":{\"@type\":\"EntryPoint\",\"urlTemplate\":\"https:\/\/drlbeauty.com\/hu\/?s={search_term_string}\"},\"query-input\":{\"@type\":\"PropertyValueSpecification\",\"valueRequired\":true,\"valueName\":\"search_term_string\"}}],\"inLanguage\":\"hu\"},{\"@type\":[\"Person\",\"Organization\"],\"@id\":\"https:\/\/drlbeauty.com\/hu\/#\/schema\/person\/21f1e9bac1ad5d5c110e02de659b156c\",\"name\":\"Dr. L\u00e9vay Bernadett\",\"image\":{\"@type\":\"ImageObject\",\"inLanguage\":\"hu\",\"@id\":\"https:\/\/drlbeauty.com\/hu\/#\/schema\/person\/image\/\",\"url\":\"https:\/\/drlbeauty.com\/hu\/wp-content\/uploads\/2022\/02\/cropped-drlbeauty-weblogo.png\",\"contentUrl\":\"https:\/\/drlbeauty.com\/hu\/wp-content\/uploads\/2022\/02\/cropped-drlbeauty-weblogo.png\",\"width\":512,\"height\":512,\"caption\":\"Dr. L\u00e9vay Bernadett\"},\"logo\":{\"@id\":\"https:\/\/drlbeauty.com\/hu\/#\/schema\/person\/image\/\"},\"sameAs\":[\"https:\/\/drlbeauty.com\/hu\"],\"url\":\"https:\/\/drlbeauty.com\/hu\/author\/levaybernadett\/\"}]}<\/script>\n<!-- \/ Yoast SEO plugin. -->","yoast_head_json":{"title":"\u00c9letm\u00f3dv\u00e1lt\u00e1s - DrLBeauty Plasztikai Seb\u00e9szet Budapest","description":"\u00c9letm\u00f3dv\u00e1lt\u00e1s: mi\u00e9rt aj\u00e1nlott m\u00e1r a plasztikai seb\u00e9szeti beavatkoz\u00e1s el\u0151tt belev\u00e1gni? Mindannyian j\u00f3l tudjuk a lelk\u00fcnk m\u00e9ly\u00e9n, hogy ebben....","robots":{"index":"index","follow":"follow","max-snippet":"max-snippet:-1","max-image-preview":"max-image-preview:large","max-video-preview":"max-video-preview:-1"},"canonical":"https:\/\/drlbeauty.com\/hu\/eletmodvaltas-miert-ajanlott-mar-a-plasztikai-sebeszeti-beavatkozas-elott-belevagni\/","og_locale":"hu_HU","og_type":"article","og_title":"\u00c9letm\u00f3dv\u00e1lt\u00e1s - DrLBeauty Plasztikai Seb\u00e9szet Budapest","og_description":"\u00c9letm\u00f3dv\u00e1lt\u00e1s: mi\u00e9rt aj\u00e1nlott m\u00e1r a plasztikai seb\u00e9szeti beavatkoz\u00e1s el\u0151tt belev\u00e1gni? Mindannyian j\u00f3l tudjuk a lelk\u00fcnk m\u00e9ly\u00e9n, hogy ebben....","og_url":"https:\/\/drlbeauty.com\/hu\/eletmodvaltas-miert-ajanlott-mar-a-plasztikai-sebeszeti-beavatkozas-elott-belevagni\/","og_site_name":"dr LBeauty Plasztikai Seb\u00e9szet","article_published_time":"2022-03-04T10:56:16+00:00","article_modified_time":"2024-04-07T14:49:20+00:00","og_image":[{"width":800,"height":600,"url":"https:\/\/drlbeauty.com\/hu\/wp-content\/uploads\/2022\/03\/eletmodvaltas2.jpg","type":"image\/jpeg"}],"author":"Dr. L\u00e9vay Bernadett","twitter_card":"summary_large_image","twitter_misc":{"Szerz\u0151:":"Dr. L\u00e9vay Bernadett","Becs\u00fclt olvas\u00e1si id\u0151":"6 perc"},"schema":{"@context":"https:\/\/schema.org","@graph":[{"@type":"Article","@id":"https:\/\/drlbeauty.com\/hu\/eletmodvaltas-miert-ajanlott-mar-a-plasztikai-sebeszeti-beavatkozas-elott-belevagni\/#article","isPartOf":{"@id":"https:\/\/drlbeauty.com\/hu\/eletmodvaltas-miert-ajanlott-mar-a-plasztikai-sebeszeti-beavatkozas-elott-belevagni\/"},"author":{"name":"Dr. L\u00e9vay Bernadett","@id":"https:\/\/drlbeauty.com\/hu\/#\/schema\/person\/21f1e9bac1ad5d5c110e02de659b156c"},"headline":"\u00c9letm\u00f3dv\u00e1lt\u00e1s: mi\u00e9rt aj\u00e1nlott m\u00e1r a plasztikai seb\u00e9szeti beavatkoz\u00e1s el\u0151tt belev\u00e1gni?","datePublished":"2022-03-04T10:56:16+00:00","dateModified":"2024-04-07T14:49:20+00:00","mainEntityOfPage":{"@id":"https:\/\/drlbeauty.com\/hu\/eletmodvaltas-miert-ajanlott-mar-a-plasztikai-sebeszeti-beavatkozas-elott-belevagni\/"},"wordCount":1403,"commentCount":0,"publisher":{"@id":"https:\/\/drlbeauty.com\/hu\/#\/schema\/person\/21f1e9bac1ad5d5c110e02de659b156c"},"image":{"@id":"https:\/\/drlbeauty.com\/hu\/eletmodvaltas-miert-ajanlott-mar-a-plasztikai-sebeszeti-beavatkozas-elott-belevagni\/#primaryimage"},"thumbnailUrl":"https:\/\/drlbeauty.com\/hu\/wp-content\/uploads\/2022\/03\/eletmodvaltas2.jpg","articleSection":["\u00c9letm\u00f3d"],"inLanguage":"hu","potentialAction":[{"@type":"CommentAction","name":"Comment","target":["https:\/\/drlbeauty.com\/hu\/eletmodvaltas-miert-ajanlott-mar-a-plasztikai-sebeszeti-beavatkozas-elott-belevagni\/#respond"]}]},{"@type":"WebPage","@id":"https:\/\/drlbeauty.com\/hu\/eletmodvaltas-miert-ajanlott-mar-a-plasztikai-sebeszeti-beavatkozas-elott-belevagni\/","url":"https:\/\/drlbeauty.com\/hu\/eletmodvaltas-miert-ajanlott-mar-a-plasztikai-sebeszeti-beavatkozas-elott-belevagni\/","name":"\u00c9letm\u00f3dv\u00e1lt\u00e1s - DrLBeauty Plasztikai Seb\u00e9szet Budapest","isPartOf":{"@id":"https:\/\/drlbeauty.com\/hu\/#website"},"primaryImageOfPage":{"@id":"https:\/\/drlbeauty.com\/hu\/eletmodvaltas-miert-ajanlott-mar-a-plasztikai-sebeszeti-beavatkozas-elott-belevagni\/#primaryimage"},"image":{"@id":"https:\/\/drlbeauty.com\/hu\/eletmodvaltas-miert-ajanlott-mar-a-plasztikai-sebeszeti-beavatkozas-elott-belevagni\/#primaryimage"},"thumbnailUrl":"https:\/\/drlbeauty.com\/hu\/wp-content\/uploads\/2022\/03\/eletmodvaltas2.jpg","datePublished":"2022-03-04T10:56:16+00:00","dateModified":"2024-04-07T14:49:20+00:00","description":"\u00c9letm\u00f3dv\u00e1lt\u00e1s: mi\u00e9rt aj\u00e1nlott m\u00e1r a plasztikai seb\u00e9szeti beavatkoz\u00e1s el\u0151tt belev\u00e1gni? Mindannyian j\u00f3l tudjuk a lelk\u00fcnk m\u00e9ly\u00e9n, hogy ebben....","breadcrumb":{"@id":"https:\/\/drlbeauty.com\/hu\/eletmodvaltas-miert-ajanlott-mar-a-plasztikai-sebeszeti-beavatkozas-elott-belevagni\/#breadcrumb"},"inLanguage":"hu","potentialAction":[{"@type":"ReadAction","target":["https:\/\/drlbeauty.com\/hu\/eletmodvaltas-miert-ajanlott-mar-a-plasztikai-sebeszeti-beavatkozas-elott-belevagni\/"]}]},{"@type":"ImageObject","inLanguage":"hu","@id":"https:\/\/drlbeauty.com\/hu\/eletmodvaltas-miert-ajanlott-mar-a-plasztikai-sebeszeti-beavatkozas-elott-belevagni\/#primaryimage","url":"https:\/\/drlbeauty.com\/hu\/wp-content\/uploads\/2022\/03\/eletmodvaltas2.jpg","contentUrl":"https:\/\/drlbeauty.com\/hu\/wp-content\/uploads\/2022\/03\/eletmodvaltas2.jpg","width":800,"height":600,"caption":"Cikkek"},{"@type":"BreadcrumbList","@id":"https:\/\/drlbeauty.com\/hu\/eletmodvaltas-miert-ajanlott-mar-a-plasztikai-sebeszeti-beavatkozas-elott-belevagni\/#breadcrumb","itemListElement":[{"@type":"ListItem","position":1,"name":"Kezd\u0151lap","item":"https:\/\/drlbeauty.com\/hu\/"},{"@type":"ListItem","position":2,"name":"\u00c9letm\u00f3dv\u00e1lt\u00e1s: mi\u00e9rt aj\u00e1nlott m\u00e1r a plasztikai seb\u00e9szeti beavatkoz\u00e1s el\u0151tt belev\u00e1gni?"}]},{"@type":"WebSite","@id":"https:\/\/drlbeauty.com\/hu\/#website","url":"https:\/\/drlbeauty.com\/hu\/","name":"dr LBeauty Plasztikai Seb\u00e9szet","description":"My WordPress Blog","publisher":{"@id":"https:\/\/drlbeauty.com\/hu\/#\/schema\/person\/21f1e9bac1ad5d5c110e02de659b156c"},"potentialAction":[{"@type":"SearchAction","target":{"@type":"EntryPoint","urlTemplate":"https:\/\/drlbeauty.com\/hu\/?s={search_term_string}"},"query-input":{"@type":"PropertyValueSpecification","valueRequired":true,"valueName":"search_term_string"}}],"inLanguage":"hu"},{"@type":["Person","Organization"],"@id":"https:\/\/drlbeauty.com\/hu\/#\/schema\/person\/21f1e9bac1ad5d5c110e02de659b156c","name":"Dr. L\u00e9vay Bernadett","image":{"@type":"ImageObject","inLanguage":"hu","@id":"https:\/\/drlbeauty.com\/hu\/#\/schema\/person\/image\/","url":"https:\/\/drlbeauty.com\/hu\/wp-content\/uploads\/2022\/02\/cropped-drlbeauty-weblogo.png","contentUrl":"https:\/\/drlbeauty.com\/hu\/wp-content\/uploads\/2022\/02\/cropped-drlbeauty-weblogo.png","width":512,"height":512,"caption":"Dr. L\u00e9vay Bernadett"},"logo":{"@id":"https:\/\/drlbeauty.com\/hu\/#\/schema\/person\/image\/"},"sameAs":["https:\/\/drlbeauty.com\/hu"],"url":"https:\/\/drlbeauty.com\/hu\/author\/levaybernadett\/"}]}},"_links":{"self":[{"href":"https:\/\/drlbeauty.com\/hu\/wp-json\/wp\/v2\/posts\/1329","targetHints":{"allow":["GET"]}}],"collection":[{"href":"https:\/\/drlbeauty.com\/hu\/wp-json\/wp\/v2\/posts"}],"about":[{"href":"https:\/\/drlbeauty.com\/hu\/wp-json\/wp\/v2\/types\/post"}],"author":[{"embeddable":true,"href":"https:\/\/drlbeauty.com\/hu\/wp-json\/wp\/v2\/users\/1"}],"replies":[{"embeddable":true,"href":"https:\/\/drlbeauty.com\/hu\/wp-json\/wp\/v2\/comments?post=1329"}],"version-history":[{"count":4,"href":"https:\/\/drlbeauty.com\/hu\/wp-json\/wp\/v2\/posts\/1329\/revisions"}],"predecessor-version":[{"id":2939,"href":"https:\/\/drlbeauty.com\/hu\/wp-json\/wp\/v2\/posts\/1329\/revisions\/2939"}],"wp:featuredmedia":[{"embeddable":true,"href":"https:\/\/drlbeauty.com\/hu\/wp-json\/wp\/v2\/media\/1860"}],"wp:attachment":[{"href":"https:\/\/drlbeauty.com\/hu\/wp-json\/wp\/v2\/media?parent=1329"}],"wp:term":[{"taxonomy":"category","embeddable":true,"href":"https:\/\/drlbeauty.com\/hu\/wp-json\/wp\/v2\/categories?post=1329"},{"taxonomy":"post_tag","embeddable":true,"href":"https:\/\/drlbeauty.com\/hu\/wp-json\/wp\/v2\/tags?post=1329"}],"curies":[{"name":"wp","href":"https:\/\/api.w.org\/{rel}","templated":true}]}}